{"id":50215,"date":"2022-03-29T11:15:23","date_gmt":"2022-03-29T14:15:23","guid":{"rendered":"https:\/\/www.centraldenoticias.com.ar\/?p=50215"},"modified":"2022-03-29T12:33:48","modified_gmt":"2022-03-29T15:33:48","slug":"con-el-valor-de-las-condiciones-optimas-para-el-aprendizaje-se-inauguro-la-reforma-del-jardin-930","status":"publish","type":"post","link":"https:\/\/cdnoticias.com\/index.php\/2022\/03\/29\/con-el-valor-de-las-condiciones-optimas-para-el-aprendizaje-se-inauguro-la-reforma-del-jardin-930\/","title":{"rendered":"Con el valor de las \u201ccondiciones \u00f3ptimas para el aprendizaje\u201d, se inaugur\u00f3 la reforma del Jard\u00edn 930"},"content":{"rendered":"<p>El acto se realiz\u00f3 este martes encabezado por el intendente Ezequiel Galli, autoridades educativas provinciales, locales y del establecimiento educativo.<!--more--><\/p>\n<hr \/>\n<p><strong>Este martes se inauguraron las reformas y ampliaci\u00f3n del edificio del Jard\u00edn N\u00ba 930 del barrio Acupo II<\/strong>. Fue en un acto en el que particip\u00f3 la comunidad educativa del establecimiento, as\u00ed como el intendente Ezequiel Galli, autoridades educativas provinciales y locales.<\/p>\n<p>&nbsp;<\/p>\n<blockquote><p>\u201cMe gusta hacer paralelismos entre los cimientos que necesita una obra y los cimientos que se construyen ac\u00e1, en la cabeza de los chicos\u201d destac\u00f3 el jefe comunal en el marco del acto realizado hacia las 9 de la ma\u00f1ana de este martes.<\/p><\/blockquote>\n<p>&nbsp;<\/p>\n<p><img data-recalc-dims=\"1\" loading=\"lazy\" decoding=\"async\" class=\"size-large wp-image-50219 aligncenter\" src=\"https:\/\/i0.wp.com\/cdnoticias.com\/wp-content\/uploads\/2022\/03\/jardin-930-01.jpg?resize=800%2C445&#038;ssl=1\" alt=\"\" width=\"800\" height=\"445\" srcset=\"https:\/\/i0.wp.com\/cdnoticias.com\/wp-content\/uploads\/2022\/03\/jardin-930-01.jpg?resize=1024%2C569&amp;ssl=1 1024w, https:\/\/i0.wp.com\/cdnoticias.com\/wp-content\/uploads\/2022\/03\/jardin-930-01.jpg?resize=300%2C167&amp;ssl=1 300w, https:\/\/i0.wp.com\/cdnoticias.com\/wp-content\/uploads\/2022\/03\/jardin-930-01.jpg?resize=768%2C427&amp;ssl=1 768w, https:\/\/i0.wp.com\/cdnoticias.com\/wp-content\/uploads\/2022\/03\/jardin-930-01.jpg?resize=800%2C445&amp;ssl=1 800w, https:\/\/i0.wp.com\/cdnoticias.com\/wp-content\/uploads\/2022\/03\/jardin-930-01.jpg?w=1152&amp;ssl=1 1152w\" sizes=\"auto, (max-width: 800px) 100vw, 800px\" \/><\/p>\n<p>&nbsp;<\/p>\n<p>Entre los presentes se contaron la <strong>asesora de Educaci\u00f3n de la Direcci\u00f3n General de Educaci\u00f3n de la Provincia, Mar\u00eda del Carmen Rimoli<\/strong>, la <em>jefa de Educaci\u00f3n de Regi\u00f3n 25, M\u00f3nica Wagner, y el jefe de Educaci\u00f3n Distrital, Julio Ben\u00edtez<\/em>. Tambi\u00e9n asistieron la presidenta del Concejo Deliberante, Cecilia Krivochen, el presidente del Consejo Escolar, Bruno Di Carlo, numerosos funcionarios municipales, consejeros escolares, inspectoras de educaci\u00f3n y por el Jard\u00edn 930, el acto <strong>fue encabezado por la secretaria Claudia Seijo<\/strong>. Se aclar\u00f3 que quien hasta hace poco tiempo fue directora del establecimiento, Mar\u00eda Delia Guerrero, pas\u00f3 a ocupar un cargo como inspectora.<\/p>\n<p>&nbsp;<\/p>\n<blockquote><p>Seijo destac\u00f3 que la obra de ampliaci\u00f3n y mejora edilicia implica \u201cderechos e igualdad de oportunidades para nuestros ni\u00f1os y ni\u00f1as en condiciones \u00f3ptimas para el aprendizaje\u201d. En ese sentido, defini\u00f3 que \u201choy recibimos un establecimiento totalmente renovado\u201d y consider\u00f3 que es \u201cun sue\u00f1o cumplido\u201d la reforma realizada.<\/p><\/blockquote>\n<p>&nbsp;<\/p>\n<p><img data-recalc-dims=\"1\" loading=\"lazy\" decoding=\"async\" class=\"size-large wp-image-50224 aligncenter\" src=\"https:\/\/i0.wp.com\/cdnoticias.com\/wp-content\/uploads\/2022\/03\/jardin-930-06.jpg?resize=800%2C445&#038;ssl=1\" alt=\"\" width=\"800\" height=\"445\" srcset=\"https:\/\/i0.wp.com\/cdnoticias.com\/wp-content\/uploads\/2022\/03\/jardin-930-06.jpg?resize=1024%2C570&amp;ssl=1 1024w, https:\/\/i0.wp.com\/cdnoticias.com\/wp-content\/uploads\/2022\/03\/jardin-930-06.jpg?resize=300%2C167&amp;ssl=1 300w, https:\/\/i0.wp.com\/cdnoticias.com\/wp-content\/uploads\/2022\/03\/jardin-930-06.jpg?resize=768%2C427&amp;ssl=1 768w, https:\/\/i0.wp.com\/cdnoticias.com\/wp-content\/uploads\/2022\/03\/jardin-930-06.jpg?resize=800%2C445&amp;ssl=1 800w, https:\/\/i0.wp.com\/cdnoticias.com\/wp-content\/uploads\/2022\/03\/jardin-930-06.jpg?w=1152&amp;ssl=1 1152w\" sizes=\"auto, (max-width: 800px) 100vw, 800px\" \/><\/p>\n<p>&nbsp;<\/p>\n<p><strong>\u201cEste es el fruto del trabajo por la educaci\u00f3n p\u00fablica\u201d<\/strong> dijo la secretaria del Jard\u00edn 930 para valorar al equipo de docentes por su trabajo en la pandemia.<\/p>\n<p>&nbsp;<\/p>\n<p>M\u00e1s adelante, agradeci\u00f3 a la Iglesia La Esperanza que cedi\u00f3 desinteresadamente sus instalaciones para que funcione el Jard\u00edn mientras se realiz\u00f3 la obra.<\/p>\n<p>&nbsp;<\/p>\n<p><img data-recalc-dims=\"1\" loading=\"lazy\" decoding=\"async\" class=\"size-large wp-image-50220 aligncenter\" src=\"https:\/\/i0.wp.com\/cdnoticias.com\/wp-content\/uploads\/2022\/03\/jardin-930-02.jpg?resize=800%2C445&#038;ssl=1\" alt=\"\" width=\"800\" height=\"445\" srcset=\"https:\/\/i0.wp.com\/cdnoticias.com\/wp-content\/uploads\/2022\/03\/jardin-930-02.jpg?resize=1024%2C569&amp;ssl=1 1024w, https:\/\/i0.wp.com\/cdnoticias.com\/wp-content\/uploads\/2022\/03\/jardin-930-02.jpg?resize=300%2C167&amp;ssl=1 300w, https:\/\/i0.wp.com\/cdnoticias.com\/wp-content\/uploads\/2022\/03\/jardin-930-02.jpg?resize=768%2C427&amp;ssl=1 768w, https:\/\/i0.wp.com\/cdnoticias.com\/wp-content\/uploads\/2022\/03\/jardin-930-02.jpg?resize=800%2C445&amp;ssl=1 800w, https:\/\/i0.wp.com\/cdnoticias.com\/wp-content\/uploads\/2022\/03\/jardin-930-02.jpg?w=1152&amp;ssl=1 1152w\" sizes=\"auto, (max-width: 800px) 100vw, 800px\" \/><\/p>\n<p>&nbsp;<\/p>\n<p>A su turno, <strong>el intendente Galli relat\u00f3 &#8220;lo que cost\u00f3&#8221; llevar adelante los trabajos en la sede de Estrada al 1543<\/strong>. Repas\u00f3 que las tareas comenzaron en 2020, debieron suspenderse por la declaraci\u00f3n de la pandemia, se cayeron empresas adjudicatarias y se debi\u00f3 ajustar el presupuesto cuando los trabajos se retomaron en el inicio de 2021. \u201cCada tropez\u00f3n era un nuevo empezar administrativo\u201d expres\u00f3.<\/p>\n<p>&nbsp;<\/p>\n<p><strong>\u201cEste jard\u00edn es importante para la comunidad educativa\u201d<\/strong> reafirm\u00f3 Ezequiel Galli al tiempo que se\u00f1al\u00f3 en referencia al espacio donde se desarroll\u00f3 el acto \u201cdonde estamos ahora, en el SUM, no hab\u00eda nada, era el patio\u201d.<\/p>\n<p>&nbsp;<\/p>\n<p><img data-recalc-dims=\"1\" loading=\"lazy\" decoding=\"async\" class=\"size-large wp-image-50221 aligncenter\" src=\"https:\/\/i0.wp.com\/cdnoticias.com\/wp-content\/uploads\/2022\/03\/jardin-930-03.jpg?resize=800%2C445&#038;ssl=1\" alt=\"\" width=\"800\" height=\"445\" srcset=\"https:\/\/i0.wp.com\/cdnoticias.com\/wp-content\/uploads\/2022\/03\/jardin-930-03.jpg?resize=1024%2C570&amp;ssl=1 1024w, https:\/\/i0.wp.com\/cdnoticias.com\/wp-content\/uploads\/2022\/03\/jardin-930-03.jpg?resize=300%2C167&amp;ssl=1 300w, https:\/\/i0.wp.com\/cdnoticias.com\/wp-content\/uploads\/2022\/03\/jardin-930-03.jpg?resize=768%2C427&amp;ssl=1 768w, https:\/\/i0.wp.com\/cdnoticias.com\/wp-content\/uploads\/2022\/03\/jardin-930-03.jpg?resize=800%2C445&amp;ssl=1 800w, https:\/\/i0.wp.com\/cdnoticias.com\/wp-content\/uploads\/2022\/03\/jardin-930-03.jpg?w=1152&amp;ssl=1 1152w\" sizes=\"auto, (max-width: 800px) 100vw, 800px\" \/><\/p>\n<p>&nbsp;<\/p>\n<p>Al acto tambi\u00e9n asistieron representantes del<em> Jard\u00edn de Infantes N\u00ba 926, Jard\u00edn de Infantes N\u00ba 915 y Escuela Secundaria N\u00ba 18.<\/em><\/p>\n<p>&nbsp;<\/p>\n<p>Tras los discursos <strong>se leyeron las palabras enviadas por la directora de Educaci\u00f3n Inicial de la Provincia de Buenos Aires Patricia Redondo<\/strong>. Seguidamente Mar\u00eda del Carmen Rimoli se refiri\u00f3 a la importancia que tiene este tipo de inauguraciones. El acto finaliz\u00f3 con el retiro de las banderas, para dar lugar a una recorrida encabezada por el Intendente y autoridades por las nuevas instalaciones.<\/p>\n<p>&nbsp;<\/p>\n<p><strong>La reforma edilicia demand\u00f3 <a href=\"https:\/\/cdnoticias.com\/index.php\/2021\/01\/15\/con-19-mas-de-fondos-comenzo-la-ampliacion-del-jardin-no-930\/\" target=\"_blank\" rel=\"noopener\">una inversi\u00f3n superior a los 11 millones de pesos<\/a><\/strong>. Comprendi\u00f3 la construcci\u00f3n de nuevas aulas, oficinas, sal\u00f3n de usos m\u00faltiples, sanitarios, hall de acceso, secretar\u00eda y dep\u00f3sito.<a href=\"https:\/\/cdnoticias.com\/index.php\/2021\/09\/27\/el-intendente-recorrio-el-avance-de-las-obras-del-jardin-n-930\/\" target=\"_blank\" rel=\"noopener\"> A lo largo del a\u00f1o pasado el Municipio fue informado los avances en la obra<\/a>, sumamente esperada por la comunidad del Jard\u00edn 930.<\/p>\n<p>&nbsp;<\/p>\n<p><img data-recalc-dims=\"1\" loading=\"lazy\" decoding=\"async\" class=\"size-large wp-image-50222 aligncenter\" src=\"https:\/\/i0.wp.com\/cdnoticias.com\/wp-content\/uploads\/2022\/03\/jardin-930-04.jpg?resize=800%2C445&#038;ssl=1\" alt=\"\" width=\"800\" height=\"445\" srcset=\"https:\/\/i0.wp.com\/cdnoticias.com\/wp-content\/uploads\/2022\/03\/jardin-930-04.jpg?resize=1024%2C569&amp;ssl=1 1024w, https:\/\/i0.wp.com\/cdnoticias.com\/wp-content\/uploads\/2022\/03\/jardin-930-04.jpg?resize=300%2C167&amp;ssl=1 300w, https:\/\/i0.wp.com\/cdnoticias.com\/wp-content\/uploads\/2022\/03\/jardin-930-04.jpg?resize=768%2C427&amp;ssl=1 768w, https:\/\/i0.wp.com\/cdnoticias.com\/wp-content\/uploads\/2022\/03\/jardin-930-04.jpg?resize=800%2C445&amp;ssl=1 800w, https:\/\/i0.wp.com\/cdnoticias.com\/wp-content\/uploads\/2022\/03\/jardin-930-04.jpg?w=1152&amp;ssl=1 1152w\" sizes=\"auto, (max-width: 800px) 100vw, 800px\" \/><\/p>\n<p><img data-recalc-dims=\"1\" loading=\"lazy\" decoding=\"async\" class=\"size-large wp-image-50223 aligncenter\" src=\"https:\/\/i0.wp.com\/cdnoticias.com\/wp-content\/uploads\/2022\/03\/jardin-930-05.jpg?resize=800%2C445&#038;ssl=1\" alt=\"\" width=\"800\" height=\"445\" srcset=\"https:\/\/i0.wp.com\/cdnoticias.com\/wp-content\/uploads\/2022\/03\/jardin-930-05.jpg?resize=1024%2C569&amp;ssl=1 1024w, https:\/\/i0.wp.com\/cdnoticias.com\/wp-content\/uploads\/2022\/03\/jardin-930-05.jpg?resize=300%2C167&amp;ssl=1 300w, https:\/\/i0.wp.com\/cdnoticias.com\/wp-content\/uploads\/2022\/03\/jardin-930-05.jpg?resize=768%2C427&amp;ssl=1 768w, https:\/\/i0.wp.com\/cdnoticias.com\/wp-content\/uploads\/2022\/03\/jardin-930-05.jpg?resize=800%2C445&amp;ssl=1 800w, https:\/\/i0.wp.com\/cdnoticias.com\/wp-content\/uploads\/2022\/03\/jardin-930-05.jpg?w=1152&amp;ssl=1 1152w\" sizes=\"auto, (max-width: 800px) 100vw, 800px\" \/><\/p>\n<p><img data-recalc-dims=\"1\" loading=\"lazy\" decoding=\"async\" class=\"size-large wp-image-50225 aligncenter\" src=\"https:\/\/i0.wp.com\/cdnoticias.com\/wp-content\/uploads\/2022\/03\/jardin-930-07.jpg?resize=800%2C445&#038;ssl=1\" alt=\"\" width=\"800\" height=\"445\" srcset=\"https:\/\/i0.wp.com\/cdnoticias.com\/wp-content\/uploads\/2022\/03\/jardin-930-07.jpg?resize=1024%2C569&amp;ssl=1 1024w, https:\/\/i0.wp.com\/cdnoticias.com\/wp-content\/uploads\/2022\/03\/jardin-930-07.jpg?resize=300%2C167&amp;ssl=1 300w, https:\/\/i0.wp.com\/cdnoticias.com\/wp-content\/uploads\/2022\/03\/jardin-930-07.jpg?resize=768%2C427&amp;ssl=1 768w, https:\/\/i0.wp.com\/cdnoticias.com\/wp-content\/uploads\/2022\/03\/jardin-930-07.jpg?resize=800%2C445&amp;ssl=1 800w, https:\/\/i0.wp.com\/cdnoticias.com\/wp-content\/uploads\/2022\/03\/jardin-930-07.jpg?w=1152&amp;ssl=1 1152w\" sizes=\"auto, (max-width: 800px) 100vw, 800px\" \/><\/p>\n<p><img data-recalc-dims=\"1\" loading=\"lazy\" decoding=\"async\" class=\"size-large wp-image-50226 aligncenter\" src=\"https:\/\/i0.wp.com\/cdnoticias.com\/wp-content\/uploads\/2022\/03\/jardin-930-08.jpg?resize=800%2C445&#038;ssl=1\" alt=\"\" width=\"800\" height=\"445\" srcset=\"https:\/\/i0.wp.com\/cdnoticias.com\/wp-content\/uploads\/2022\/03\/jardin-930-08.jpg?resize=1024%2C570&amp;ssl=1 1024w, https:\/\/i0.wp.com\/cdnoticias.com\/wp-content\/uploads\/2022\/03\/jardin-930-08.jpg?resize=300%2C167&amp;ssl=1 300w, https:\/\/i0.wp.com\/cdnoticias.com\/wp-content\/uploads\/2022\/03\/jardin-930-08.jpg?resize=768%2C427&amp;ssl=1 768w, https:\/\/i0.wp.com\/cdnoticias.com\/wp-content\/uploads\/2022\/03\/jardin-930-08.jpg?resize=800%2C445&amp;ssl=1 800w, https:\/\/i0.wp.com\/cdnoticias.com\/wp-content\/uploads\/2022\/03\/jardin-930-08.jpg?w=1152&amp;ssl=1 1152w\" sizes=\"auto, (max-width: 800px) 100vw, 800px\" \/><\/p>\n","protected":false},"excerpt":{"rendered":"<p>El acto se realiz\u00f3 este martes encabezado por el intendente Ezequiel Galli, autoridades educativas provinciales, locales y del establecimiento educativo.<\/p>\n","protected":false},"author":4,"featured_media":50218,"comment_status":"closed","ping_status":"closed","sticky":false,"template":"","format":"standard","meta":{"_jetpack_memberships_contains_paid_content":false,"footnotes":""},"categories":[5,1],"tags":[],"class_list":["post-50215","post","type-post","status-publish","format-standard","has-post-thumbnail","hentry","category-informacion-general","category-portada"],"jetpack_featured_media_url":"https:\/\/i0.wp.com\/cdnoticias.com\/wp-content\/uploads\/2022\/03\/jardin-930-00.jpg?fit=1034%2C576&ssl=1","jetpack_sharing_enabled":true,"_links":{"self":[{"href":"https:\/\/cdnoticias.com\/index.php\/wp-json\/wp\/v2\/posts\/50215","targetHints":{"allow":["GET"]}}],"collection":[{"href":"https:\/\/cdnoticias.com\/index.php\/wp-json\/wp\/v2\/posts"}],"about":[{"href":"https:\/\/cdnoticias.com\/index.php\/wp-json\/wp\/v2\/types\/post"}],"author":[{"embeddable":true,"href":"https:\/\/cdnoticias.com\/index.php\/wp-json\/wp\/v2\/users\/4"}],"replies":[{"embeddable":true,"href":"https:\/\/cdnoticias.com\/index.php\/wp-json\/wp\/v2\/comments?post=50215"}],"version-history":[{"count":0,"href":"https:\/\/cdnoticias.com\/index.php\/wp-json\/wp\/v2\/posts\/50215\/revisions"}],"wp:featuredmedia":[{"embeddable":true,"href":"https:\/\/cdnoticias.com\/index.php\/wp-json\/wp\/v2\/media\/50218"}],"wp:attachment":[{"href":"https:\/\/cdnoticias.com\/index.php\/wp-json\/wp\/v2\/media?parent=50215"}],"wp:term":[{"taxonomy":"category","embeddable":true,"href":"https:\/\/cdnoticias.com\/index.php\/wp-json\/wp\/v2\/categories?post=50215"},{"taxonomy":"post_tag","embeddable":true,"href":"https:\/\/cdnoticias.com\/index.php\/wp-json\/wp\/v2\/tags?post=50215"}],"curies":[{"name":"wp","href":"https:\/\/api.w.org\/{rel}","templated":true}]}}