{"id":50170,"date":"2022-03-28T16:34:34","date_gmt":"2022-03-28T19:34:34","guid":{"rendered":"https:\/\/www.centraldenoticias.com.ar\/?p=50170"},"modified":"2022-03-28T19:18:26","modified_gmt":"2022-03-28T22:18:26","slug":"carlos-alberto-migliavacca-q-e-p-d","status":"publish","type":"post","link":"https:\/\/cdnoticias.com\/index.php\/2022\/03\/28\/carlos-alberto-migliavacca-q-e-p-d\/","title":{"rendered":"Carlos Alberto Migliavacca (Q.E.P.D.)"},"content":{"rendered":"<p>Falleci\u00f3 en Olavarr\u00eda el 28 de marzo de 2022 a los 58 a\u00f1os de edad. Su esposa Mar\u00eda Volont\u00e9; su hijo Carlos Ezequiel y Maximiliano; sus hijas pol\u00edticas Yael Bourges y Yesica Mucci; sus nietos Lucas, Juan Ignacio, Gonzalo, Camila, Milagros y Santino; su hermana Marcela y dem\u00e1s deudos participan su fallecimiento.<\/p>\n<p>&nbsp;<\/p>\n<p>Sus restos ser\u00e1n velados en Espa\u00f1a 2942 departamento &#8220;D&#8221; (la sala se habilita 7:30) y ser\u00e1n inhumados en el cementerio Loma de Paz este martes 29 de marzo a las 10:30, previo responso en la capilla ardiente. Vecino de Barrio Hip\u00f3lito Irigoyen. Nacido en Olavarr\u00eda.<\/p>\n","protected":false},"excerpt":{"rendered":"<p>Falleci\u00f3 en Olavarr\u00eda el 28 de marzo de 2022 a los 58 a\u00f1os de edad. Su esposa Mar\u00eda Volont\u00e9; su<\/p>\n","protected":false},"author":5,"featured_media":0,"comment_status":"closed","ping_status":"closed","sticky":false,"template":"","format":"standard","meta":{"_jetpack_memberships_contains_paid_content":false,"footnotes":""},"categories":[10],"tags":[],"class_list":["post-50170","post","type-post","status-publish","format-standard","hentry","category-necrologicas"],"jetpack_featured_media_url":"","jetpack_sharing_enabled":true,"_links":{"self":[{"href":"https:\/\/cdnoticias.com\/index.php\/wp-json\/wp\/v2\/posts\/50170","targetHints":{"allow":["GET"]}}],"collection":[{"href":"https:\/\/cdnoticias.com\/index.php\/wp-json\/wp\/v2\/posts"}],"about":[{"href":"https:\/\/cdnoticias.com\/index.php\/wp-json\/wp\/v2\/types\/post"}],"author":[{"embeddable":true,"href":"https:\/\/cdnoticias.com\/index.php\/wp-json\/wp\/v2\/users\/5"}],"replies":[{"embeddable":true,"href":"https:\/\/cdnoticias.com\/index.php\/wp-json\/wp\/v2\/comments?post=50170"}],"version-history":[{"count":0,"href":"https:\/\/cdnoticias.com\/index.php\/wp-json\/wp\/v2\/posts\/50170\/revisions"}],"wp:attachment":[{"href":"https:\/\/cdnoticias.com\/index.php\/wp-json\/wp\/v2\/media?parent=50170"}],"wp:term":[{"taxonomy":"category","embeddable":true,"href":"https:\/\/cdnoticias.com\/index.php\/wp-json\/wp\/v2\/categories?post=50170"},{"taxonomy":"post_tag","embeddable":true,"href":"https:\/\/cdnoticias.com\/index.php\/wp-json\/wp\/v2\/tags?post=50170"}],"curies":[{"name":"wp","href":"https:\/\/api.w.org\/{rel}","templated":true}]}}