{"id":50150,"date":"2022-03-28T12:31:38","date_gmt":"2022-03-28T15:31:38","guid":{"rendered":"https:\/\/www.centraldenoticias.com.ar\/?p=50150"},"modified":"2022-03-28T15:20:11","modified_gmt":"2022-03-28T18:20:11","slug":"obras-sanitarias-ahora-olavarria-pidio-que-coopelectric-rinda-cuentas-en-el-hcd","status":"publish","type":"post","link":"https:\/\/cdnoticias.com\/index.php\/2022\/03\/28\/obras-sanitarias-ahora-olavarria-pidio-que-coopelectric-rinda-cuentas-en-el-hcd\/","title":{"rendered":"Obras Sanitarias: Ahora Olavarr\u00eda pidi\u00f3 que Coopelectric \u201crinda cuentas\u201d en el HCD"},"content":{"rendered":"<p>Se\u00f1alaron que tras la amenaza de dejar el servicio por \u201cser deficitario\u201d pidi\u00f3 \u201campliar la concesi\u00f3n por 5 a\u00f1os\u201d. \u201cLa amenaza fue solo teatro\u201d. <!--more--><\/p>\n<hr \/>\n<p>Luego de que <strong>Coopelectric manifieste su intenci\u00f3n de ampliar la concesi\u00f3n de Obras Sanitarias por los pr\u00f3ximos 5 a\u00f1os, el bloque Ahora Olavarr\u00eda pide que la cooperativa<em> \u201crinda cuentas en el HCD\u201d<\/em> y denunci\u00f3 que <em>\u201cla amenaza con devolver la concesi\u00f3n fue s\u00f3lo teatro\u201d.<\/em><\/strong><\/p>\n<p>&nbsp;<\/p>\n<p>Cabe se\u00f1alar que <strong>este pedido est\u00e1 avalado por el Municipio<\/strong> <em>\u201cque avala el pedido con el dictamen favorable de un Ente de Control\u201d<\/em> <strong>cuya existencia, seg\u00fan denunci\u00f3 el bloque encabezado por Celeste Arouxet <em>\u201cse desconoc\u00eda\u201d<\/em><\/strong><em>.<\/em> Indicaron que mirar\u00e1n de reojo el accionar del \u201ccurismo e insta a la cooperativa a exponer sus n\u00fameros\u201d.<\/p>\n<p>&nbsp;<\/p>\n<p><img data-recalc-dims=\"1\" loading=\"lazy\" decoding=\"async\" class=\"alignnone size-full wp-image-48124\" src=\"https:\/\/i0.wp.com\/cdnoticias.com\/wp-content\/uploads\/2022\/03\/celeste-arouxet.jpg?resize=800%2C445&#038;ssl=1\" alt=\"\" width=\"800\" height=\"445\" srcset=\"https:\/\/i0.wp.com\/cdnoticias.com\/wp-content\/uploads\/2022\/03\/celeste-arouxet.jpg?w=800&amp;ssl=1 800w, https:\/\/i0.wp.com\/cdnoticias.com\/wp-content\/uploads\/2022\/03\/celeste-arouxet.jpg?resize=300%2C167&amp;ssl=1 300w, https:\/\/i0.wp.com\/cdnoticias.com\/wp-content\/uploads\/2022\/03\/celeste-arouxet.jpg?resize=768%2C427&amp;ssl=1 768w\" sizes=\"auto, (max-width: 800px) 100vw, 800px\" \/><\/p>\n<p>&nbsp;<\/p>\n<p><em>\u201cCoopelectric tiene a su cargo la concesi\u00f3n del agua y las cloacas por 25 a\u00f1os y pide ampliarla por 5 a\u00f1os m\u00e1s. Tiene el aval del Ejecutivo, que se apoya en un dictamen favorable de un ente cuya existencia desconoc\u00edamos para que el HCD apruebe la continuidad hasta 2027 por una prestaci\u00f3n que la propia concesionaria califica como deficitaria\u201d<\/em> se\u00f1alaron, e indicaron que en este punto <strong>\u201cse entrecruzan los intereses del curismo, socio pol\u00edtico del intendente Ezequiel Galli\u201d.<\/strong><\/p>\n<p>&nbsp;<\/p>\n<blockquote><p>El pedido tom\u00f3 estado parlamentario en la \u00faltima sesi\u00f3n y recorrer\u00e1 las comisiones del HCD desde esta semana.<\/p><\/blockquote>\n<p>&nbsp;<\/p>\n<p>Bajo la pregunta <strong><em>\u201c\u00bfHab\u00eda un ente de control?\u201d<\/em> <\/strong>desde Ahora Olavarr\u00eda indicaron que<em> \u201cse ha requerido al \u00e1rea de Contralor de Servicios su opini\u00f3n respecto de las presentaciones brindadas por la concesionaria y el dictamen emitido respalda la posibilidad de otorgar la pr\u00f3rroga, por considerar que el servicio es aceptable y dentro de los par\u00e1metros contractuales\u201d,<\/em> expusieron desde San Mart\u00edn y Rivadavia.<\/p>\n<p>&nbsp;<\/p>\n<p>Justamente, este apartado puso en conocimiento <strong><em>\u201cde la existencia de la Direcci\u00f3n de Contralor y cuya valoraci\u00f3n es positiva, tanto del cobro de las Contribuciones Accionarias como del Recambio de Medidores por parte de la Cooperativa durante tanto tiempo\u201d<\/em><\/strong> que fueron duramente cuestionados tanto por la oposici\u00f3n como por los contribuyentes.<\/p>\n<p>&nbsp;<\/p>\n<p><img data-recalc-dims=\"1\" loading=\"lazy\" decoding=\"async\" class=\"alignnone size-large wp-image-41698\" src=\"https:\/\/i0.wp.com\/cdnoticias.com\/wp-content\/uploads\/2021\/12\/HCD-celeste-arouxet.jpeg?resize=800%2C534&#038;ssl=1\" alt=\"\" width=\"800\" height=\"534\" srcset=\"https:\/\/i0.wp.com\/cdnoticias.com\/wp-content\/uploads\/2021\/12\/HCD-celeste-arouxet.jpeg?resize=1024%2C684&amp;ssl=1 1024w, https:\/\/i0.wp.com\/cdnoticias.com\/wp-content\/uploads\/2021\/12\/HCD-celeste-arouxet.jpeg?resize=300%2C200&amp;ssl=1 300w, https:\/\/i0.wp.com\/cdnoticias.com\/wp-content\/uploads\/2021\/12\/HCD-celeste-arouxet.jpeg?resize=768%2C513&amp;ssl=1 768w, https:\/\/i0.wp.com\/cdnoticias.com\/wp-content\/uploads\/2021\/12\/HCD-celeste-arouxet.jpeg?resize=272%2C182&amp;ssl=1 272w, https:\/\/i0.wp.com\/cdnoticias.com\/wp-content\/uploads\/2021\/12\/HCD-celeste-arouxet.jpeg?w=1280&amp;ssl=1 1280w\" sizes=\"auto, (max-width: 800px) 100vw, 800px\" \/><\/p>\n<p>&nbsp;<\/p>\n<p>El bloque opositor apunta, justamente, que <strong><em>\u201cnunca antes nos respondieron un pedido de informes, raz\u00f3n por la cual aprovecharemos la oportunidad para convocar a este ente al HCD y nos presente todas las auditor\u00edas, an\u00e1lisis y valoraciones sobre la concesionaria\u201d.<\/em><\/strong><\/p>\n<p>&nbsp;<\/p>\n<p>En la misma l\u00ednea, la agrupaci\u00f3n Ahora Olavarr\u00eda asume que<em> \u201cno queremos ser mal pensados, pero generalmente y ante la ausencia de respuesta de \u00e1rea de contralor y ante los reiterados pedidos de informes, interpretamos que su existencia es s\u00f3lo una mera formalidad, vac\u00edas de an\u00e1lisis y contenidos\u201d.<\/em><\/p>\n<p>&nbsp;<\/p>\n<p>En este sentido, y m\u00e1s all\u00e1 de la cr\u00edtica, <em>\u201cpara nosotros es muy relevante el papel de polic\u00eda que debe ejercerse sobre las empresas de servicios p\u00fablicos porque no queremos que nos pase lo mismo que con el Matadero Municipal que, finalizada la concesi\u00f3n, se nos entregue un mont\u00f3n de fierros viejos que no sirven para nada\u201d<\/em>, alertan.<\/p>\n<p>&nbsp;<\/p>\n<p>Finalmente, manifestaron su preocupaci\u00f3n ante la posibilidad de que <em>\u201cesta pr\u00f3rroga no venga de la mano de otros aumentos y que en el inter\u00e9s manifiesto de la Cooperativa de extender la concesi\u00f3n nos abra sus puertas y tambi\u00e9n remita al Concejo los balances correspondientes y la documentaci\u00f3n solicitados en varias oportunidades por Ahora Olavarr\u00eda y por otros espacios pol\u00edticos\u201d.<\/em><\/p>\n","protected":false},"excerpt":{"rendered":"<p>Se\u00f1alaron que tras la amenaza de dejar el servicio por \u201cser deficitario\u201d pidi\u00f3 \u201campliar la concesi\u00f3n por 5 a\u00f1os\u201d. \u201cLa<\/p>\n","protected":false},"author":2,"featured_media":45752,"comment_status":"closed","ping_status":"closed","sticky":false,"template":"","format":"standard","meta":{"_jetpack_memberships_contains_paid_content":false,"footnotes":""},"categories":[4,1],"tags":[],"class_list":["post-50150","post","type-post","status-publish","format-standard","has-post-thumbnail","hentry","category-politica","category-portada"],"jetpack_featured_media_url":"https:\/\/i0.wp.com\/cdnoticias.com\/wp-content\/uploads\/2022\/02\/Celeste-Arouxet-scaled.jpg?fit=2560%2C1711&ssl=1","jetpack_sharing_enabled":true,"_links":{"self":[{"href":"https:\/\/cdnoticias.com\/index.php\/wp-json\/wp\/v2\/posts\/50150","targetHints":{"allow":["GET"]}}],"collection":[{"href":"https:\/\/cdnoticias.com\/index.php\/wp-json\/wp\/v2\/posts"}],"about":[{"href":"https:\/\/cdnoticias.com\/index.php\/wp-json\/wp\/v2\/types\/post"}],"author":[{"embeddable":true,"href":"https:\/\/cdnoticias.com\/index.php\/wp-json\/wp\/v2\/users\/2"}],"replies":[{"embeddable":true,"href":"https:\/\/cdnoticias.com\/index.php\/wp-json\/wp\/v2\/comments?post=50150"}],"version-history":[{"count":0,"href":"https:\/\/cdnoticias.com\/index.php\/wp-json\/wp\/v2\/posts\/50150\/revisions"}],"wp:featuredmedia":[{"embeddable":true,"href":"https:\/\/cdnoticias.com\/index.php\/wp-json\/wp\/v2\/media\/45752"}],"wp:attachment":[{"href":"https:\/\/cdnoticias.com\/index.php\/wp-json\/wp\/v2\/media?parent=50150"}],"wp:term":[{"taxonomy":"category","embeddable":true,"href":"https:\/\/cdnoticias.com\/index.php\/wp-json\/wp\/v2\/categories?post=50150"},{"taxonomy":"post_tag","embeddable":true,"href":"https:\/\/cdnoticias.com\/index.php\/wp-json\/wp\/v2\/tags?post=50150"}],"curies":[{"name":"wp","href":"https:\/\/api.w.org\/{rel}","templated":true}]}}