{"id":5012,"date":"2020-10-27T16:43:11","date_gmt":"2020-10-27T19:43:11","guid":{"rendered":"http:\/\/www.centraldenoticias.com.ar\/?p=5012"},"modified":"2020-10-27T16:43:11","modified_gmt":"2020-10-27T19:43:11","slug":"judiciales-repudian-el-aumento-salarial-por-decreto-dictado-desde-provincia","status":"publish","type":"post","link":"https:\/\/cdnoticias.com\/index.php\/2020\/10\/27\/judiciales-repudian-el-aumento-salarial-por-decreto-dictado-desde-provincia\/","title":{"rendered":"Judiciales \u201crepudian\u201d el aumento salarial por decreto dictado desde Provincia"},"content":{"rendered":"<p>La novedad se conoci\u00f3 en las \u00faltimas horas, en el marco de una protesta desde el sector ante la falta de acuerdo de las negociaciones. El comunicado de la AJB.<!--more--><\/p>\n<hr \/>\n<p>En las \u00faltimas horas el gobierno de la provincia envi\u00f3 a la Suprema Corte de Justicia el instructivo para la liquidaci\u00f3n del incremento salarial, con el dato no menor que es con las condiciones que la Asociaci\u00f3n Judicial Bonaerense rechaz\u00f3 a fines de la semana pasada. Es por ello que la AJB \u201crepudia la decisi\u00f3n unilateral y exige al ejecutivo que retome el di\u00e1logo\u201d y emiti\u00f3 <strong>un comunicado en su portal oficial<\/strong>:<\/p>\n<p>&nbsp;<\/p>\n<p>En el marco del paro dispuesto por la AJB, hace instantes funcionarios de la Suprema Corte informaron que el gobierno provincial envi\u00f3 el instructivo para la liquidaci\u00f3n del incremento salarial que fuera rechazado el pasado viernes en la mesa paritaria. Los montos a liquidarse equivalen al 12% a partir del 1 de septiembre y un 2% adicional a partir del 1 de octubre, ambos porcentajes calculados sobre los haberes del mes de diciembre de 2019.<strong> De esta manera, el incremento acumulado en lo que va de 2020 alcanzar\u00eda el 21% y el 23% respectivamente.<\/strong><\/p>\n<p>&nbsp;<\/p>\n<p><strong>La AJB expresa su preocupaci\u00f3n y repudio por la decisi\u00f3n del gobierno de Axel Kicillof que ordena liquidar de manera unilateral y en el marco de una negociaci\u00f3n abierta un incremento salarial que ya hab\u00eda sido rechazado por la organizaci\u00f3n sindical representativa de las y los empleados y funcionarios judiciales<\/strong>, ignorando todas las reglas que consagra la normativa vigente en materia de derecho a la negociaci\u00f3n colectiva.<\/p>\n<p>&nbsp;<\/p>\n<p>\u201cAnte la falta de acuerdo disponer de manera unilateral un aumento salarial en el marco de una negociaci\u00f3n en curso representa u<strong>na pr\u00e1ctica autoritaria que lamentablemente han sostenido las \u00faltimas administraciones provinciales, y a la que la gesti\u00f3n de Kicillof ha decidido darle continuidad<\/strong>. Adem\u00e1s, se utiliza para pretender imponer un aumento salarial que cristaliza la p\u00e9rdida salarial sufrida durante 2020\u201d, expres\u00f3 Pablo Abramovich, secretario General de la Asociaci\u00f3n Judicial Bonaerense.<\/p>\n<p>&nbsp;<\/p>\n<p><strong>Desde la AJB exigimos al Ejecutivo provincial que retome el di\u00e1logo en forma urgente para discutir una propuesta que garantice que los salarios no contin\u00faen perdiendo la carrera contra la inflaci\u00f3n, y convocamos a las y los trabajadores judiciales a participar de las asambleas a realizarse entre mi\u00e9rcoles y jueves en todas las departamentales, a fin de decidir colectivamente los pasos a seguir<\/strong>\u201d, finaliz\u00f3 Abramovich.<\/p>\n","protected":false},"excerpt":{"rendered":"<p>La novedad se conoci\u00f3 en las \u00faltimas horas, en el marco de una protesta desde el sector ante la falta<\/p>\n","protected":false},"author":3,"featured_media":3311,"comment_status":"closed","ping_status":"closed","sticky":false,"template":"","format":"standard","meta":{"_jetpack_memberships_contains_paid_content":false,"footnotes":""},"categories":[6,1],"tags":[],"class_list":["post-5012","post","type-post","status-publish","format-standard","has-post-thumbnail","hentry","category-nacionales","category-portada"],"jetpack_featured_media_url":"https:\/\/i0.wp.com\/cdnoticias.com\/wp-content\/uploads\/2020\/10\/ajb.jpg?fit=880%2C493&ssl=1","jetpack_sharing_enabled":true,"_links":{"self":[{"href":"https:\/\/cdnoticias.com\/index.php\/wp-json\/wp\/v2\/posts\/5012","targetHints":{"allow":["GET"]}}],"collection":[{"href":"https:\/\/cdnoticias.com\/index.php\/wp-json\/wp\/v2\/posts"}],"about":[{"href":"https:\/\/cdnoticias.com\/index.php\/wp-json\/wp\/v2\/types\/post"}],"author":[{"embeddable":true,"href":"https:\/\/cdnoticias.com\/index.php\/wp-json\/wp\/v2\/users\/3"}],"replies":[{"embeddable":true,"href":"https:\/\/cdnoticias.com\/index.php\/wp-json\/wp\/v2\/comments?post=5012"}],"version-history":[{"count":0,"href":"https:\/\/cdnoticias.com\/index.php\/wp-json\/wp\/v2\/posts\/5012\/revisions"}],"wp:featuredmedia":[{"embeddable":true,"href":"https:\/\/cdnoticias.com\/index.php\/wp-json\/wp\/v2\/media\/3311"}],"wp:attachment":[{"href":"https:\/\/cdnoticias.com\/index.php\/wp-json\/wp\/v2\/media?parent=5012"}],"wp:term":[{"taxonomy":"category","embeddable":true,"href":"https:\/\/cdnoticias.com\/index.php\/wp-json\/wp\/v2\/categories?post=5012"},{"taxonomy":"post_tag","embeddable":true,"href":"https:\/\/cdnoticias.com\/index.php\/wp-json\/wp\/v2\/tags?post=5012"}],"curies":[{"name":"wp","href":"https:\/\/api.w.org\/{rel}","templated":true}]}}