{"id":50112,"date":"2022-03-28T08:39:15","date_gmt":"2022-03-28T11:39:15","guid":{"rendered":"https:\/\/www.centraldenoticias.com.ar\/?p=50112"},"modified":"2022-03-28T10:30:13","modified_gmt":"2022-03-28T13:30:13","slug":"dos-olavarrienses-involucradas-en-un-siniestro-vial-en-las-flores","status":"publish","type":"post","link":"https:\/\/cdnoticias.com\/index.php\/2022\/03\/28\/dos-olavarrienses-involucradas-en-un-siniestro-vial-en-las-flores\/","title":{"rendered":"Dos olavarrienses involucradas en un siniestro vial en Las Flores"},"content":{"rendered":"<p>Ocurri\u00f3 el domingo sobre la ruta 3. Chocaron un auto y un cami\u00f3n. El tr\u00e1nsito sigue parcialmente habilitado.<!--more--><\/p>\n<hr \/>\n<p><strong>Un siniestro vial del que participaron un auto y un cami\u00f3n<\/strong> se registr\u00f3 hacia las 19:45 del domingo en el kil\u00f3metro 181.5 de la <strong>ruta nacional n\u00famero 3 en el Partido de Las Flores<\/strong>.<\/p>\n<p>&nbsp;<\/p>\n<p>All\u00ed se vieron involucradas<strong> dos mujeres de Olavarr\u00eda, que transitaban en el auto<\/strong> que era guiado por un hombre con domicilio en Azul.<\/p>\n<p>&nbsp;<\/p>\n<p><img data-recalc-dims=\"1\" loading=\"lazy\" decoding=\"async\" class=\"size-large wp-image-50116 aligncenter\" src=\"https:\/\/i0.wp.com\/cdnoticias.com\/wp-content\/uploads\/2022\/03\/choque-ruta-3-las-flores-Noticias-de-Azul-00.jpg?resize=800%2C483&#038;ssl=1\" alt=\"\" width=\"800\" height=\"483\" srcset=\"https:\/\/i0.wp.com\/cdnoticias.com\/wp-content\/uploads\/2022\/03\/choque-ruta-3-las-flores-Noticias-de-Azul-00.jpg?resize=1024%2C618&amp;ssl=1 1024w, https:\/\/i0.wp.com\/cdnoticias.com\/wp-content\/uploads\/2022\/03\/choque-ruta-3-las-flores-Noticias-de-Azul-00.jpg?resize=300%2C181&amp;ssl=1 300w, https:\/\/i0.wp.com\/cdnoticias.com\/wp-content\/uploads\/2022\/03\/choque-ruta-3-las-flores-Noticias-de-Azul-00.jpg?resize=768%2C463&amp;ssl=1 768w, https:\/\/i0.wp.com\/cdnoticias.com\/wp-content\/uploads\/2022\/03\/choque-ruta-3-las-flores-Noticias-de-Azul-00.jpg?w=1033&amp;ssl=1 1033w\" sizes=\"auto, (max-width: 800px) 100vw, 800px\" \/><\/p>\n<p>&nbsp;<\/p>\n<p>Seg\u00fan se detall\u00f3, <strong>fue un Peugeot 208 que impact\u00f3 con un cami\u00f3n marca Scania R440 con semi<\/strong>. El rodado de mayor porte termin\u00f3 volcado sobre la cinta asf\u00e1ltica mientras que el auto qued\u00f3 sobre la banquina.<\/p>\n<p>&nbsp;<\/p>\n<blockquote><p>En el auto transitaban Mat\u00edas Nicol\u00e1s de 41 a\u00f1os de Azul. Junto al conductor estaban Mar\u00eda Jos\u00e9 Gaglioni y Ornella N\u00fa\u00f1ez, ambas de Olavarr\u00eda.<\/p><\/blockquote>\n<p>&nbsp;<\/p>\n<p><img data-recalc-dims=\"1\" loading=\"lazy\" decoding=\"async\" class=\"size-full wp-image-50118 aligncenter\" src=\"https:\/\/i0.wp.com\/cdnoticias.com\/wp-content\/uploads\/2022\/03\/choque-ruta-3-Noticias-de-Azul-01.jpeg?resize=720%2C505&#038;ssl=1\" alt=\"\" width=\"720\" height=\"505\" srcset=\"https:\/\/i0.wp.com\/cdnoticias.com\/wp-content\/uploads\/2022\/03\/choque-ruta-3-Noticias-de-Azul-01.jpeg?w=720&amp;ssl=1 720w, https:\/\/i0.wp.com\/cdnoticias.com\/wp-content\/uploads\/2022\/03\/choque-ruta-3-Noticias-de-Azul-01.jpeg?resize=300%2C210&amp;ssl=1 300w, https:\/\/i0.wp.com\/cdnoticias.com\/wp-content\/uploads\/2022\/03\/choque-ruta-3-Noticias-de-Azul-01.jpeg?resize=130%2C90&amp;ssl=1 130w\" sizes=\"auto, (max-width: 720px) 100vw, 720px\" \/><\/p>\n<p>&nbsp;<\/p>\n<p>El<strong> cami\u00f3n<\/strong> era conducido por Sergio Gabriel Bertoluzzi de La Matanza.<\/p>\n<p>&nbsp;<\/p>\n<p>Si bien no se brindaron mayores detalles, se indic\u00f3 de forma oficial que <strong>los heridos fueron derivados al hospital de la localidad de Las Flores<\/strong>.<\/p>\n<p>&nbsp;<\/p>\n<p><img data-recalc-dims=\"1\" loading=\"lazy\" decoding=\"async\" class=\"size-full wp-image-50113 aligncenter\" src=\"https:\/\/i0.wp.com\/cdnoticias.com\/wp-content\/uploads\/2022\/03\/choque-ruta-3-las-flores-Base-Vial-1.jpeg?resize=720%2C690&#038;ssl=1\" alt=\"\" width=\"720\" height=\"690\" srcset=\"https:\/\/i0.wp.com\/cdnoticias.com\/wp-content\/uploads\/2022\/03\/choque-ruta-3-las-flores-Base-Vial-1.jpeg?w=720&amp;ssl=1 720w, https:\/\/i0.wp.com\/cdnoticias.com\/wp-content\/uploads\/2022\/03\/choque-ruta-3-las-flores-Base-Vial-1.jpeg?resize=300%2C288&amp;ssl=1 300w\" sizes=\"auto, (max-width: 720px) 100vw, 720px\" \/><\/p>\n<p>&nbsp;<\/p>\n<p>Trabajaron en el lugar del hecho <em>personal policial de Vial Azul, bomberos de Las Flores, SAME y la Agencia Nacional de Seguridad Vial<\/em>.<\/p>\n<p>&nbsp;<\/p>\n<p>Se inform\u00f3 desde Radio Las Fllores que <strong>actualmente la ruta se encuentra parcialmente habilitada al paso de los veh\u00edculos<\/strong>.<\/p>\n<p>&nbsp;<\/p>\n<p>Fuentes y fotos: <em>AM 1210 Radio Las Flores, Noticias de Azul y Base de Seguridad Vial Azul<\/em><\/p>\n","protected":false},"excerpt":{"rendered":"<p>Ocurri\u00f3 el domingo sobre la ruta 3. Chocaron un auto y un cami\u00f3n. El tr\u00e1nsito sigue parcialmente habilitado.<\/p>\n","protected":false},"author":4,"featured_media":50115,"comment_status":"closed","ping_status":"closed","sticky":false,"template":"","format":"standard","meta":{"_jetpack_memberships_contains_paid_content":false,"footnotes":""},"categories":[6,1],"tags":[],"class_list":["post-50112","post","type-post","status-publish","format-standard","has-post-thumbnail","hentry","category-nacionales","category-portada"],"jetpack_featured_media_url":"https:\/\/i0.wp.com\/cdnoticias.com\/wp-content\/uploads\/2022\/03\/choque-ruta-3-las-flores-Base-Vial-3.jpeg?fit=720%2C701&ssl=1","jetpack_sharing_enabled":true,"_links":{"self":[{"href":"https:\/\/cdnoticias.com\/index.php\/wp-json\/wp\/v2\/posts\/50112","targetHints":{"allow":["GET"]}}],"collection":[{"href":"https:\/\/cdnoticias.com\/index.php\/wp-json\/wp\/v2\/posts"}],"about":[{"href":"https:\/\/cdnoticias.com\/index.php\/wp-json\/wp\/v2\/types\/post"}],"author":[{"embeddable":true,"href":"https:\/\/cdnoticias.com\/index.php\/wp-json\/wp\/v2\/users\/4"}],"replies":[{"embeddable":true,"href":"https:\/\/cdnoticias.com\/index.php\/wp-json\/wp\/v2\/comments?post=50112"}],"version-history":[{"count":0,"href":"https:\/\/cdnoticias.com\/index.php\/wp-json\/wp\/v2\/posts\/50112\/revisions"}],"wp:featuredmedia":[{"embeddable":true,"href":"https:\/\/cdnoticias.com\/index.php\/wp-json\/wp\/v2\/media\/50115"}],"wp:attachment":[{"href":"https:\/\/cdnoticias.com\/index.php\/wp-json\/wp\/v2\/media?parent=50112"}],"wp:term":[{"taxonomy":"category","embeddable":true,"href":"https:\/\/cdnoticias.com\/index.php\/wp-json\/wp\/v2\/categories?post=50112"},{"taxonomy":"post_tag","embeddable":true,"href":"https:\/\/cdnoticias.com\/index.php\/wp-json\/wp\/v2\/tags?post=50112"}],"curies":[{"name":"wp","href":"https:\/\/api.w.org\/{rel}","templated":true}]}}