{"id":501,"date":"2020-09-02T08:17:58","date_gmt":"2020-09-02T11:17:58","guid":{"rendered":"http:\/\/www.centraldenoticias.com.ar\/?p=501"},"modified":"2020-09-02T08:17:58","modified_gmt":"2020-09-02T11:17:58","slug":"no-hubo-politica-de-ampliacion-de-la-planta-urbana","status":"publish","type":"post","link":"https:\/\/cdnoticias.com\/index.php\/2020\/09\/02\/no-hubo-politica-de-ampliacion-de-la-planta-urbana\/","title":{"rendered":"\u201cNo hubo pol\u00edtica de ampliaci\u00f3n de la planta urbana\u201d"},"content":{"rendered":"<p>Aguilera celebr\u00f3 el relanzamiento del Procrear, por su impacto en el rubro minero y en la econom\u00eda en general, pero tambi\u00e9n por su significado en t\u00e9rmino de respuesta habitacional.<!--more--><\/p>\n<p>__________________________________________<\/p>\n<p>&nbsp;<\/p>\n<p>En ese marco, el ex concejal cuestion\u00f3 a la gesti\u00f3n de Ezequiel Galli tanto por no dar respuesta en t\u00e9rminos de viviendas como por no avanzar en la ampliaci\u00f3n de los lotes para urbanizaci\u00f3n.<\/p>\n<p>&nbsp;<\/p>\n<p><strong>-Con el Procrear se espera no s\u00f3lo una reactivaci\u00f3n para el sector minero, sino todo lo vinculado a los terrenos para que los olavarrienses que accedan al programa tengan la posibilidad de construir con los t\u00e9rminos previstos en el programa. \u00bfC\u00f3mo se trabaja ese tema desde la gesti\u00f3n provincial?<\/strong><\/p>\n<p>-El relanzamiento de este programa Procrear fue una noticia fenomenal no solamente vinculada al sector minero. Repercute de manera positiva obviamente porque la materia prima que se necesita para la construcci\u00f3n de viviendas surge de la actividad minera sino que tambi\u00e9n es una noticia para los ciudadanos en general ante la gran demanda y necesidad habitacional que hay. Y tambi\u00e9n demanda de mano de obra porque la construcci\u00f3n de viviendas genera precisamente el movimiento de circuitos productivos y mano de obra. Por eso nos pusimos en contacto autom\u00e1ticamente con las autoridades de la Mesa Ejecutiva del Procrear para tener detalles de c\u00f3mo se va a llevar adelante en Olavarr\u00eda. Ya se conoce que hablan de 600 inscriptos en la primera etapa de ampliaci\u00f3n y se esperan novedades de las fechas de inscripci\u00f3n para la etapa m\u00e1s esperada, de cr\u00e9dito hipotecario para construcci\u00f3n. Esperamos que se haga el anuncio porque ah\u00ed tendremos las bases concretas de c\u00f3mo se va a llevar adelante. En Olavarr\u00eda hay m\u00e1s de 110 lotes como parte del fideicomiso de Procrear que fueron adquiridos en su momento y que deber\u00e1n formar parte de los sorteos para la l\u00ednea de lotes con servicios para adquirir terreno y construir la vivienda. No tenemos noticias sobre si el Municipio, al menos hasta lo que he charlado en estos d\u00edas, ha enviado propuestas de lotes o de terrenos para poner a disposici\u00f3n de Procrear. Ser\u00eda lo ideal porque en muchos municipios.<\/p>\n<p>&nbsp;<\/p>\n<p><iframe loading=\"lazy\" src=\"https:\/\/www.youtube.com\/embed\/AdtyflCF4hc\" width=\"560\" height=\"315\" frameborder=\"0\" allowfullscreen=\"allowfullscreen\"><\/iframe><\/p>\n<p>&nbsp;<\/p>\n<p><strong>-\u00bfFaltan terrenos en Olavarr\u00eda? Cuando fuiste concejal ya se discuti\u00f3 la ampliaci\u00f3n de la planta urbana.<\/strong><\/p>\n<p>-Fuera de cualquier tipo de opini\u00f3n personal o idea subjetiva, est\u00e1 claro que en estos \u00faltimos cuatro a\u00f1os no hubo pol\u00edtica de ampliaci\u00f3n de la planta urbana ni generaci\u00f3n de nuevos lotes para construcci\u00f3n de viviendas. Fue uno de los debates que vimos el a\u00f1o pasado en la campa\u00f1a electoral, la generaci\u00f3n de un plan de viviendas municipal. La generaci\u00f3n de una pol\u00edtica de ampliaci\u00f3n de la planta urbana de hecho ser\u00eda ideal para este tipo de programa para contar con nuevos lotes para ofrecer. Sin embargo esta pol\u00edtica hoy no existe.<br \/>\nEn el Concejo Deliberante se aprob\u00f3 dos veces una ordenanza para la ampliaci\u00f3n de la planta hacia el sector sur. Hablamos de casi 11.000 lotes que significar\u00edan la ampliaci\u00f3n de este sector de la ciudad. Hasta el momento no se llev\u00f3 adelante, no sabemos por qu\u00e9. Y es una demanda, una necesidad que se plantea cotidianamente, los vecinos nos consultan -particularmente a m\u00ed- por la presencia o no de terrenos en el municipio, terrenos fiscales, gente que se ofrece a pagarlo en cuotas. Y sobre todo los m\u00e1s j\u00f3venes que necesitan terrenos y viviendas. Me parece necesario una pol\u00edtica municipal en este sentido. No est\u00e1. Hubo un anuncio en plena campa\u00f1a electoral el a\u00f1o pasado, pero este a\u00f1o el plan de vivienda no se va a ejecutar.<\/p>\n<p>&nbsp;<\/p>\n<p><strong>-\u00bfEn qu\u00e9 estado est\u00e1 el proyecto de Sierras Bayas con los terrenos de ETA?<\/strong><\/p>\n<p>-Es un reclamo ya de larga data, pudimos lograr gestiones particulares con una empresa que cedi\u00f3 terrenos al Municipio para poder avanzar en la construcci\u00f3n de viviendas. Hemos tenido much\u00edsimos idas y vueltas. La \u00faltima informaci\u00f3n que pude tener y constatar es que se estaba realizando una readecuaci\u00f3n del plano, los planos que figuraban en catastro municipal y en la provincia de Buenos Aires no coinciden. Apelamos a que haya voluntad necesaria para poder avanzar con este anhelo que tenemos que es la construcci\u00f3n de viviendas en Sierras Bayas.<\/p>\n","protected":false},"excerpt":{"rendered":"<p>Aguilera celebr\u00f3 el relanzamiento del Procrear, por su impacto en el rubro minero y en la econom\u00eda en general, pero<\/p>\n","protected":false},"author":5,"featured_media":504,"comment_status":"closed","ping_status":"closed","sticky":false,"template":"","format":"standard","meta":{"_jetpack_memberships_contains_paid_content":false,"footnotes":""},"categories":[4,1],"tags":[],"class_list":["post-501","post","type-post","status-publish","format-standard","has-post-thumbnail","hentry","category-politica","category-portada"],"jetpack_featured_media_url":"https:\/\/i0.wp.com\/cdnoticias.com\/wp-content\/uploads\/2020\/09\/Aguilera04-1.jpg?fit=4512%2C3072&ssl=1","jetpack_sharing_enabled":true,"_links":{"self":[{"href":"https:\/\/cdnoticias.com\/index.php\/wp-json\/wp\/v2\/posts\/501","targetHints":{"allow":["GET"]}}],"collection":[{"href":"https:\/\/cdnoticias.com\/index.php\/wp-json\/wp\/v2\/posts"}],"about":[{"href":"https:\/\/cdnoticias.com\/index.php\/wp-json\/wp\/v2\/types\/post"}],"author":[{"embeddable":true,"href":"https:\/\/cdnoticias.com\/index.php\/wp-json\/wp\/v2\/users\/5"}],"replies":[{"embeddable":true,"href":"https:\/\/cdnoticias.com\/index.php\/wp-json\/wp\/v2\/comments?post=501"}],"version-history":[{"count":0,"href":"https:\/\/cdnoticias.com\/index.php\/wp-json\/wp\/v2\/posts\/501\/revisions"}],"wp:featuredmedia":[{"embeddable":true,"href":"https:\/\/cdnoticias.com\/index.php\/wp-json\/wp\/v2\/media\/504"}],"wp:attachment":[{"href":"https:\/\/cdnoticias.com\/index.php\/wp-json\/wp\/v2\/media?parent=501"}],"wp:term":[{"taxonomy":"category","embeddable":true,"href":"https:\/\/cdnoticias.com\/index.php\/wp-json\/wp\/v2\/categories?post=501"},{"taxonomy":"post_tag","embeddable":true,"href":"https:\/\/cdnoticias.com\/index.php\/wp-json\/wp\/v2\/tags?post=501"}],"curies":[{"name":"wp","href":"https:\/\/api.w.org\/{rel}","templated":true}]}}