{"id":50072,"date":"2022-03-28T09:44:45","date_gmt":"2022-03-28T12:44:45","guid":{"rendered":"https:\/\/www.centraldenoticias.com.ar\/?p=50072"},"modified":"2022-03-28T09:44:45","modified_gmt":"2022-03-28T12:44:45","slug":"coopelectric-ciclo-de-charlas-y-conferencias-2022","status":"publish","type":"post","link":"https:\/\/cdnoticias.com\/index.php\/2022\/03\/28\/coopelectric-ciclo-de-charlas-y-conferencias-2022\/","title":{"rendered":"Coopelectric: Ciclo de charlas y conferencias 2022"},"content":{"rendered":"<p>El gerente de Distribuci\u00f3n de Energ\u00eda El\u00e9ctrica Claudio N\u00e1poli dar\u00e1 una charla el pr\u00f3ximo jueves 31 de marzo a las 19:30. <!--more--><\/p>\n<hr \/>\n<p style=\"font-weight: 400;\">En el marco del \u201c<strong>Ciclo de charlas y conferencias 2022<\/strong>\u201d<strong>\u00a0organizado por Coopelectric<\/strong> con la finalidad de <strong>brindar un espacio\u00a0de informaci\u00f3n,<\/strong> reflexi\u00f3n y enriquecimiento cultural, se invit\u00f3 a la comunidad a participar de la charla \u201c<strong>C\u00f3mo funciona el Servicio de distribuci\u00f3n de Energ\u00eda El\u00e9ctrica\u201d.<\/strong><\/p>\n<p>&nbsp;<\/p>\n<p style=\"font-weight: 400;\">La misma <strong>ser\u00e1 dictada por el gerente de Distribuci\u00f3n de Energ\u00eda El\u00e9ctrica Claudio N\u00e1poli<\/strong> y tendr\u00e1 lugar el pr\u00f3ximo<strong> jueves 31 de marzo a las 19:30 <\/strong>en el <strong>Sal\u00f3n Audit\u00f3rium de Coopelectric<\/strong> (Belgrano N\u00ba 2850) con <strong>entrada libre y gratuita.<\/strong><\/p>\n<p>&nbsp;<\/p>\n<p style=\"font-weight: 400;\"><strong>La Cooperativa presta el Servicio El\u00e9ctrico<\/strong> en la planta urbana de Olavarr\u00eda, Sierras Bayas, Sierra Chica, Loma Negra, Blanca Grande, Recalde, Espigas, Hinojo, Colonia Hinojo, Colonia Nievas, Colonia San Miguel y el sector rural. Para atender las 55 mil conexiones existentes, Coopelectric opera alrededor de mil Subestaciones y una gran cantidad de kil\u00f3metros de l\u00edneas de Baja y Media Tensi\u00f3n.<\/p>\n<p>&nbsp;<\/p>\n<p style=\"font-weight: 400;\">Sobre la magnitud de este Servicio y la funci\u00f3n de Coopelectric como distribuidora, har\u00e1 referencia el Ing. <strong>Claudio N\u00e1poli.<\/strong> Para ello <strong>abordar\u00e1 las tres etapas que componen el sistema el\u00e9ctrico:<\/strong> Generaci\u00f3n &#8211; Transporte &#8211; Distribuci\u00f3n; las caracter\u00edsticas del Sistema Argentino de Interconexi\u00f3n (SADI), las obligaciones del distribuidor, operaci\u00f3n y mantenimiento del Alumbrado P\u00fablico y el uso racional de la energ\u00eda para generar conciencia y contribuir a su cuidado.<\/p>\n","protected":false},"excerpt":{"rendered":"<p>El gerente de Distribuci\u00f3n de Energ\u00eda El\u00e9ctrica Claudio N\u00e1poli dar\u00e1 una charla el pr\u00f3ximo jueves 31 de marzo a las<\/p>\n","protected":false},"author":6,"featured_media":50076,"comment_status":"closed","ping_status":"closed","sticky":false,"template":"","format":"standard","meta":{"_jetpack_memberships_contains_paid_content":false,"footnotes":""},"categories":[5,1],"tags":[],"class_list":["post-50072","post","type-post","status-publish","format-standard","has-post-thumbnail","hentry","category-informacion-general","category-portada"],"jetpack_featured_media_url":"https:\/\/i0.wp.com\/cdnoticias.com\/wp-content\/uploads\/2022\/03\/Charla-Claudio-Napoli-1.jpeg?fit=831%2C666&ssl=1","jetpack_sharing_enabled":true,"_links":{"self":[{"href":"https:\/\/cdnoticias.com\/index.php\/wp-json\/wp\/v2\/posts\/50072","targetHints":{"allow":["GET"]}}],"collection":[{"href":"https:\/\/cdnoticias.com\/index.php\/wp-json\/wp\/v2\/posts"}],"about":[{"href":"https:\/\/cdnoticias.com\/index.php\/wp-json\/wp\/v2\/types\/post"}],"author":[{"embeddable":true,"href":"https:\/\/cdnoticias.com\/index.php\/wp-json\/wp\/v2\/users\/6"}],"replies":[{"embeddable":true,"href":"https:\/\/cdnoticias.com\/index.php\/wp-json\/wp\/v2\/comments?post=50072"}],"version-history":[{"count":0,"href":"https:\/\/cdnoticias.com\/index.php\/wp-json\/wp\/v2\/posts\/50072\/revisions"}],"wp:featuredmedia":[{"embeddable":true,"href":"https:\/\/cdnoticias.com\/index.php\/wp-json\/wp\/v2\/media\/50076"}],"wp:attachment":[{"href":"https:\/\/cdnoticias.com\/index.php\/wp-json\/wp\/v2\/media?parent=50072"}],"wp:term":[{"taxonomy":"category","embeddable":true,"href":"https:\/\/cdnoticias.com\/index.php\/wp-json\/wp\/v2\/categories?post=50072"},{"taxonomy":"post_tag","embeddable":true,"href":"https:\/\/cdnoticias.com\/index.php\/wp-json\/wp\/v2\/tags?post=50072"}],"curies":[{"name":"wp","href":"https:\/\/api.w.org\/{rel}","templated":true}]}}