{"id":50032,"date":"2022-03-27T09:28:11","date_gmt":"2022-03-27T12:28:11","guid":{"rendered":"https:\/\/www.centraldenoticias.com.ar\/?p=50032"},"modified":"2022-03-27T13:07:03","modified_gmt":"2022-03-27T16:07:03","slug":"accidente-en-ruta-3-un-olavarriense-herido","status":"publish","type":"post","link":"https:\/\/cdnoticias.com\/index.php\/2022\/03\/27\/accidente-en-ruta-3-un-olavarriense-herido\/","title":{"rendered":"Accidente en Ruta 3: un olavarriense herido"},"content":{"rendered":"<p>El accidente ocurri\u00f3 este s\u00e1bado alrededor de las 20:30. Los detalles. <!--more--><\/p>\n<hr \/>\n<p>&nbsp;<\/p>\n<p>Este s\u00e1bado alrededor de las 20:30 se produjo un <strong>accidente en Ruta 3 y Avenida Urioste entre un auto y una moto. <\/strong>El <strong>olavarriense que manejaba la moto result\u00f3 lesionado<\/strong> en este siniestro vial.<\/p>\n<p>&nbsp;<\/p>\n<p>Voceros del <strong>Destacamento de Seguridad Vial Azul<\/strong> -la dependencia policial desde donde se inici\u00f3 un sumario penal por lo sucedido- <strong>identificaron al hombre que result\u00f3 con lesiones<\/strong> en este hecho como<strong> Blas Alberto Caldironi, de 33 a\u00f1os de edad<\/strong> y con <strong>domicilio en Olavarr\u00eda<\/strong> quien a causa de lo ocurrido fue<strong> trasladado en una ambulancia al Hospital Pintos.<\/strong><\/p>\n<p>&nbsp;<\/p>\n<p>El herido<strong> sufri\u00f3 fracturas en sus rodillas y en una de sus mu\u00f1ecas<\/strong> y permanecer\u00e1 internado hasta hoy domingo, sin que su vida corriera riesgo.<\/p>\n<p>&nbsp;<\/p>\n<p>La <strong>v\u00edctima de este siniestro<\/strong> vial que conduc\u00eda una <strong>Suzuki,<\/strong>\u00a0<strong>choc\u00f3 con un Volkswagen Sharan<\/strong>, seg\u00fan fue informado.<\/p>\n<p>&nbsp;<\/p>\n<p><img data-recalc-dims=\"1\" loading=\"lazy\" decoding=\"async\" class=\"aligncenter wp-image-50034 size-large\" src=\"https:\/\/i0.wp.com\/cdnoticias.com\/wp-content\/uploads\/2022\/03\/WhatsApp-Image-2022-03-27-at-12.35.29-AM-1.jpeg?resize=768%2C1024&#038;ssl=1\" alt=\"\" width=\"768\" height=\"1024\" srcset=\"https:\/\/i0.wp.com\/cdnoticias.com\/wp-content\/uploads\/2022\/03\/WhatsApp-Image-2022-03-27-at-12.35.29-AM-1.jpeg?resize=768%2C1024&amp;ssl=1 768w, https:\/\/i0.wp.com\/cdnoticias.com\/wp-content\/uploads\/2022\/03\/WhatsApp-Image-2022-03-27-at-12.35.29-AM-1.jpeg?resize=225%2C300&amp;ssl=1 225w, https:\/\/i0.wp.com\/cdnoticias.com\/wp-content\/uploads\/2022\/03\/WhatsApp-Image-2022-03-27-at-12.35.29-AM-1.jpeg?resize=1152%2C1536&amp;ssl=1 1152w, https:\/\/i0.wp.com\/cdnoticias.com\/wp-content\/uploads\/2022\/03\/WhatsApp-Image-2022-03-27-at-12.35.29-AM-1.jpeg?w=1200&amp;ssl=1 1200w\" sizes=\"auto, (max-width: 768px) 100vw, 768px\" \/><\/p>\n<p>&nbsp;<\/p>\n<p>Cuando la colisi\u00f3n entre ambos rodados se produjo al <strong>veh\u00edculo de mayor porte<\/strong> lo conduc\u00eda un hombre al que la Polic\u00eda identific\u00f3 como <strong>Diego Federico Viviani, domiciliado en Azul.<\/strong><\/p>\n<p>&nbsp;<\/p>\n<p>Adem\u00e1s de <strong>efectivos de Vial,<\/strong> en el lugar trabajaron agentes de la <strong>Polic\u00eda Cient\u00edfica<\/strong>, despu\u00e9s de que el motociclista que resultara lesionado fue trasladado al Hospital Pintos en una ambulancia con <strong>personal m\u00e9dico<\/strong> que concurri\u00f3 a asistirlo.<\/p>\n<p>&nbsp;<\/p>\n<p>El<strong> sumario penal<\/strong> que se inici\u00f3 por lo sucedido fue caratulado como <strong>\u201clesiones culposas\u201d y qued\u00f3 radicado en la UFI 6,<\/strong> la fiscal\u00eda a cargo de Karina Gennuso.<\/p>\n<p>&nbsp;<\/p>\n<p><em>Gentileza Diario El Tiempo de Azul<\/em><\/p>\n<p>&nbsp;<\/p>\n<p>&nbsp;<\/p>\n","protected":false},"excerpt":{"rendered":"<p>El accidente ocurri\u00f3 este s\u00e1bado alrededor de las 20:30. Los detalles.<\/p>\n","protected":false},"author":6,"featured_media":50033,"comment_status":"closed","ping_status":"closed","sticky":false,"template":"","format":"standard","meta":{"_jetpack_memberships_contains_paid_content":false,"footnotes":""},"categories":[14,1],"tags":[],"class_list":["post-50032","post","type-post","status-publish","format-standard","has-post-thumbnail","hentry","category-policiales","category-portada"],"jetpack_featured_media_url":"https:\/\/i0.wp.com\/cdnoticias.com\/wp-content\/uploads\/2022\/03\/WhatsApp-Image-2022-03-27-at-12.35.29-AM.jpeg?fit=1600%2C1200&ssl=1","jetpack_sharing_enabled":true,"_links":{"self":[{"href":"https:\/\/cdnoticias.com\/index.php\/wp-json\/wp\/v2\/posts\/50032","targetHints":{"allow":["GET"]}}],"collection":[{"href":"https:\/\/cdnoticias.com\/index.php\/wp-json\/wp\/v2\/posts"}],"about":[{"href":"https:\/\/cdnoticias.com\/index.php\/wp-json\/wp\/v2\/types\/post"}],"author":[{"embeddable":true,"href":"https:\/\/cdnoticias.com\/index.php\/wp-json\/wp\/v2\/users\/6"}],"replies":[{"embeddable":true,"href":"https:\/\/cdnoticias.com\/index.php\/wp-json\/wp\/v2\/comments?post=50032"}],"version-history":[{"count":0,"href":"https:\/\/cdnoticias.com\/index.php\/wp-json\/wp\/v2\/posts\/50032\/revisions"}],"wp:featuredmedia":[{"embeddable":true,"href":"https:\/\/cdnoticias.com\/index.php\/wp-json\/wp\/v2\/media\/50033"}],"wp:attachment":[{"href":"https:\/\/cdnoticias.com\/index.php\/wp-json\/wp\/v2\/media?parent=50032"}],"wp:term":[{"taxonomy":"category","embeddable":true,"href":"https:\/\/cdnoticias.com\/index.php\/wp-json\/wp\/v2\/categories?post=50032"},{"taxonomy":"post_tag","embeddable":true,"href":"https:\/\/cdnoticias.com\/index.php\/wp-json\/wp\/v2\/tags?post=50032"}],"curies":[{"name":"wp","href":"https:\/\/api.w.org\/{rel}","templated":true}]}}