{"id":49987,"date":"2022-03-26T13:51:43","date_gmt":"2022-03-26T16:51:43","guid":{"rendered":"https:\/\/www.centraldenoticias.com.ar\/?p=49987"},"modified":"2022-03-26T17:23:38","modified_gmt":"2022-03-26T20:23:38","slug":"en-la-ultima-semana-mas-de-800-personas-se-vacunaron-contra-el-coronavirus","status":"publish","type":"post","link":"https:\/\/cdnoticias.com\/index.php\/2022\/03\/26\/en-la-ultima-semana-mas-de-800-personas-se-vacunaron-contra-el-coronavirus\/","title":{"rendered":"En la \u00faltima semana m\u00e1s de 800 personas se vacunaron contra el Coronavirus"},"content":{"rendered":"<p>Desde Regi\u00f3n Sanitaria IX se emiti\u00f3 un informe en el que se detall\u00f3 que m\u00e1s de 300 dosis correspondieron al cuarto componente.<!--more--><\/p>\n<hr \/>\n<p><strong>Sigue avanzando el Plan Provincial de Vacunaci\u00f3n en el Partido de Olavarr\u00eda<\/strong>. Tal es as\u00ed que, como se dio cuenta m\u00e1s temprano,<a href=\"https:\/\/cdnoticias.com\/index.php\/2022\/03\/26\/este-sabado-la-posta-de-vacunacion-itinerante-estara-en-el-paseo-jesus-mendia\/\" target=\"_blank\" rel=\"noopener\"> la posta itinerante seguir\u00e1 su recorrido durante este fin de semana<\/a> y estar\u00e1 tanto en el Paseo Jes\u00fas Mend\u00eda como en Sierras Bayas.<\/p>\n<p>&nbsp;<\/p>\n<p>A la par, desde Regi\u00f3n Sanitaria IX se emiti\u00f3 el informe semanal en el que pudo conocer que <strong>m\u00e1s de 800 personas fueron inoculadas contra el Coronavirus, de las cuales una gran parte correspondi\u00f3 a cuartas dosis.<\/strong><\/p>\n<p>&nbsp;<\/p>\n<p><img data-recalc-dims=\"1\" loading=\"lazy\" decoding=\"async\" class=\"alignnone size-full wp-image-49988\" src=\"https:\/\/i0.wp.com\/cdnoticias.com\/wp-content\/uploads\/2022\/03\/2300ee21-4f08-439d-ac89-3845b8f1ce3a.jpg?resize=800%2C799&#038;ssl=1\" alt=\"\" width=\"800\" height=\"799\" srcset=\"https:\/\/i0.wp.com\/cdnoticias.com\/wp-content\/uploads\/2022\/03\/2300ee21-4f08-439d-ac89-3845b8f1ce3a.jpg?w=960&amp;ssl=1 960w, https:\/\/i0.wp.com\/cdnoticias.com\/wp-content\/uploads\/2022\/03\/2300ee21-4f08-439d-ac89-3845b8f1ce3a.jpg?resize=300%2C300&amp;ssl=1 300w, https:\/\/i0.wp.com\/cdnoticias.com\/wp-content\/uploads\/2022\/03\/2300ee21-4f08-439d-ac89-3845b8f1ce3a.jpg?resize=150%2C150&amp;ssl=1 150w, https:\/\/i0.wp.com\/cdnoticias.com\/wp-content\/uploads\/2022\/03\/2300ee21-4f08-439d-ac89-3845b8f1ce3a.jpg?resize=768%2C767&amp;ssl=1 768w\" sizes=\"auto, (max-width: 800px) 100vw, 800px\" \/><\/p>\n<p>&nbsp;<\/p>\n<p>En cifras concretas, se precis\u00f3 que en total se vacunaron a 811 personas, de las cuales 317 dosis correspondieron a cuartos componentes.\u00a0 Se a\u00f1adi\u00f3 que las inoculaciones fueron distribuidas de la siguiente manera: <strong>en la en Pe\u00f1a Ciudad de Olavarr\u00eda Boca Jr. se inocularon 523 personas; en la Mutual Carlos A. Moreno de Suteba se aplicaron 232 dosis; y en las postas itinerantes fueron 56 los vecinos y vecinas vacunadas.<\/strong><\/p>\n<p>&nbsp;<\/p>\n<p>Adem\u00e1s, se record\u00f3 que d\u00edas atr\u00e1s el Ministerio de Salud provincial comunic\u00f3 que las personas inmunocomprometidas y mayores de 50 con dos dosis de Sinopharm pueden vacunarse con <strong>cuarta dosis de forma libre para completar su esquema, una vez pasados los 4 meses de su \u00faltima aplicaci\u00f3n.<\/strong><\/p>\n<p>&nbsp;<\/p>\n<blockquote><p>Por consultas, podr\u00e1n acercarse a cualquiera de las dos postas: Mutual Carlos Alberto Moreno, ubicada en Collinet 4544, de 8 a 14 hs, y en la Pe\u00f1a Ciudad de Olavarr\u00eda Boca Jr., Chacabuco 4366, de 8 a 16 hs.<\/p><\/blockquote>\n<p>&nbsp;<\/p>\n<p>A la par, contin\u00faa la <strong>aplicaci\u00f3n de refuerzo libre para mayores de 12 a\u00f1os<\/strong> siempre y cuando se hayan cumplido 4 meses desde la \u00faltima aplicaci\u00f3n o desde que completaron su esquema inicial de vacunaci\u00f3n.<\/p>\n<p>&nbsp;<\/p>\n<p>En cuanto a las actividades preventivas <strong>en el Centro Provincial de Testeos, contin\u00faan los hisopados en el sal\u00f3n de Club El Fort\u00edn (Urquiza 2981), de lunes a viernes de 7 a 11 hs, destinadas a mayores de 60, personas de riego o embarazada.<\/strong><\/p>\n","protected":false},"excerpt":{"rendered":"<p>Desde Regi\u00f3n Sanitaria IX se emiti\u00f3 un informe en el que se detall\u00f3 que m\u00e1s de 300 dosis correspondieron al<\/p>\n","protected":false},"author":3,"featured_media":49272,"comment_status":"closed","ping_status":"closed","sticky":false,"template":"","format":"standard","meta":{"_jetpack_memberships_contains_paid_content":false,"footnotes":""},"categories":[16,1],"tags":[],"class_list":["post-49987","post","type-post","status-publish","format-standard","has-post-thumbnail","hentry","category-covid-19","category-portada"],"jetpack_featured_media_url":"https:\/\/i0.wp.com\/cdnoticias.com\/wp-content\/uploads\/2022\/03\/vacunacion-pena-de-boca-01.jpg?fit=800%2C446&ssl=1","jetpack_sharing_enabled":true,"_links":{"self":[{"href":"https:\/\/cdnoticias.com\/index.php\/wp-json\/wp\/v2\/posts\/49987","targetHints":{"allow":["GET"]}}],"collection":[{"href":"https:\/\/cdnoticias.com\/index.php\/wp-json\/wp\/v2\/posts"}],"about":[{"href":"https:\/\/cdnoticias.com\/index.php\/wp-json\/wp\/v2\/types\/post"}],"author":[{"embeddable":true,"href":"https:\/\/cdnoticias.com\/index.php\/wp-json\/wp\/v2\/users\/3"}],"replies":[{"embeddable":true,"href":"https:\/\/cdnoticias.com\/index.php\/wp-json\/wp\/v2\/comments?post=49987"}],"version-history":[{"count":0,"href":"https:\/\/cdnoticias.com\/index.php\/wp-json\/wp\/v2\/posts\/49987\/revisions"}],"wp:featuredmedia":[{"embeddable":true,"href":"https:\/\/cdnoticias.com\/index.php\/wp-json\/wp\/v2\/media\/49272"}],"wp:attachment":[{"href":"https:\/\/cdnoticias.com\/index.php\/wp-json\/wp\/v2\/media?parent=49987"}],"wp:term":[{"taxonomy":"category","embeddable":true,"href":"https:\/\/cdnoticias.com\/index.php\/wp-json\/wp\/v2\/categories?post=49987"},{"taxonomy":"post_tag","embeddable":true,"href":"https:\/\/cdnoticias.com\/index.php\/wp-json\/wp\/v2\/tags?post=49987"}],"curies":[{"name":"wp","href":"https:\/\/api.w.org\/{rel}","templated":true}]}}