{"id":49983,"date":"2022-03-26T11:34:09","date_gmt":"2022-03-26T14:34:09","guid":{"rendered":"https:\/\/www.centraldenoticias.com.ar\/?p=49983"},"modified":"2022-03-26T11:34:09","modified_gmt":"2022-03-26T14:34:09","slug":"primera-reunion-de-la-mesa-de-paritaria-municipal","status":"publish","type":"post","link":"https:\/\/cdnoticias.com\/index.php\/2022\/03\/26\/primera-reunion-de-la-mesa-de-paritaria-municipal\/","title":{"rendered":"Primera reuni\u00f3n de la mesa de paritaria municipal"},"content":{"rendered":"<p>Fue encabezada por el intendente Ezequiel Galli y el secretario general del Sindicato Municipal, Jos\u00e9 Stuppia.<!--more--><\/p>\n<hr \/>\n<p>En la ma\u00f1ana de este s\u00e1bado se concret\u00f3 la primera reuni\u00f3n de la mesa de Paritarias Municipales, que fue <strong>encabezada por el intendente Ezequiel Galli.<\/strong><\/p>\n<p>&nbsp;<\/p>\n<p><strong>El encuentro tuvo lugar en Sal\u00f3n Blanco del Palacio San Mart\u00edn<\/strong> y cont\u00f3 adem\u00e1s con la presencia de la secretaria de Econom\u00eda y Hacienda Eugenia Bezzoni; los secretarios de Gobierno Hilario Galli y de Desarrollo Humano y Calidad de Vida Diego Robbiani; los subsecretarios de Legal y T\u00e9cnica Marcelo Fabbi y de Recursos del Sistema de Salud Alexis Armanini, la directora de Personal Cintia Acosta.<\/p>\n<p>&nbsp;<\/p>\n<p><img data-recalc-dims=\"1\" loading=\"lazy\" decoding=\"async\" class=\"size-full wp-image-49985\" src=\"https:\/\/i0.wp.com\/cdnoticias.com\/wp-content\/uploads\/2022\/03\/General-Primera-Mesa-Paritaria-2022-1.jpg?resize=640%2C431&#038;ssl=1\" alt=\"\" width=\"640\" height=\"431\" srcset=\"https:\/\/i0.wp.com\/cdnoticias.com\/wp-content\/uploads\/2022\/03\/General-Primera-Mesa-Paritaria-2022-1.jpg?w=640&amp;ssl=1 640w, https:\/\/i0.wp.com\/cdnoticias.com\/wp-content\/uploads\/2022\/03\/General-Primera-Mesa-Paritaria-2022-1.jpg?resize=300%2C202&amp;ssl=1 300w, https:\/\/i0.wp.com\/cdnoticias.com\/wp-content\/uploads\/2022\/03\/General-Primera-Mesa-Paritaria-2022-1.jpg?resize=272%2C182&amp;ssl=1 272w\" sizes=\"auto, (max-width: 640px) 100vw, 640px\" \/><\/p>\n<p>&nbsp;<\/p>\n<p>A la par, tambi\u00e9n estuvieron presentes representantes del<strong> Sindicato de Trabajadores Municipales de Olavarr\u00eda, encabezados por su titular Jos\u00e9 Stuppia.<\/strong><\/p>\n<p>&nbsp;<\/p>\n<p>Seg\u00fan se inform\u00f3, esta primera reuni\u00f3n es el<strong> inicio formal de la mesa negociadora de las nuevas paritarias municipales.<\/strong><\/p>\n","protected":false},"excerpt":{"rendered":"<p>Fue encabezada por el intendente Ezequiel Galli y el secretario general del Sindicato Municipal, Jos\u00e9 Stuppia.<\/p>\n","protected":false},"author":3,"featured_media":49984,"comment_status":"closed","ping_status":"closed","sticky":false,"template":"","format":"standard","meta":{"_jetpack_memberships_contains_paid_content":false,"footnotes":""},"categories":[5,1],"tags":[],"class_list":["post-49983","post","type-post","status-publish","format-standard","has-post-thumbnail","hentry","category-informacion-general","category-portada"],"jetpack_featured_media_url":"https:\/\/i0.wp.com\/cdnoticias.com\/wp-content\/uploads\/2022\/03\/General-Primera-Mesa-Paritaria-2022-2.jpg?fit=640%2C371&ssl=1","jetpack_sharing_enabled":true,"_links":{"self":[{"href":"https:\/\/cdnoticias.com\/index.php\/wp-json\/wp\/v2\/posts\/49983","targetHints":{"allow":["GET"]}}],"collection":[{"href":"https:\/\/cdnoticias.com\/index.php\/wp-json\/wp\/v2\/posts"}],"about":[{"href":"https:\/\/cdnoticias.com\/index.php\/wp-json\/wp\/v2\/types\/post"}],"author":[{"embeddable":true,"href":"https:\/\/cdnoticias.com\/index.php\/wp-json\/wp\/v2\/users\/3"}],"replies":[{"embeddable":true,"href":"https:\/\/cdnoticias.com\/index.php\/wp-json\/wp\/v2\/comments?post=49983"}],"version-history":[{"count":0,"href":"https:\/\/cdnoticias.com\/index.php\/wp-json\/wp\/v2\/posts\/49983\/revisions"}],"wp:featuredmedia":[{"embeddable":true,"href":"https:\/\/cdnoticias.com\/index.php\/wp-json\/wp\/v2\/media\/49984"}],"wp:attachment":[{"href":"https:\/\/cdnoticias.com\/index.php\/wp-json\/wp\/v2\/media?parent=49983"}],"wp:term":[{"taxonomy":"category","embeddable":true,"href":"https:\/\/cdnoticias.com\/index.php\/wp-json\/wp\/v2\/categories?post=49983"},{"taxonomy":"post_tag","embeddable":true,"href":"https:\/\/cdnoticias.com\/index.php\/wp-json\/wp\/v2\/tags?post=49983"}],"curies":[{"name":"wp","href":"https:\/\/api.w.org\/{rel}","templated":true}]}}