{"id":49978,"date":"2022-03-26T10:59:07","date_gmt":"2022-03-26T13:59:07","guid":{"rendered":"https:\/\/www.centraldenoticias.com.ar\/?p=49978"},"modified":"2022-03-26T10:59:07","modified_gmt":"2022-03-26T13:59:07","slug":"daniel-horacio-punturiero-q-e-p-d","status":"publish","type":"post","link":"https:\/\/cdnoticias.com\/index.php\/2022\/03\/26\/daniel-horacio-punturiero-q-e-p-d\/","title":{"rendered":"Daniel Horacio Punturiero (Q.E.P.D.)"},"content":{"rendered":"<p>Falleci\u00f3 en Olavarr\u00eda el d\u00eda 25\u00a0 de Marzo de 2022 a los 70 a\u00f1os de edad.<\/p>\n<p>&nbsp;<\/p>\n<p>Su esposa: M\u00f3nica Debernardi, su hijo: Juan Manuel, su hija pol\u00edtica: Carolina D\u00edaz, su cu\u00f1ado: Guillermo Debernardi, su hermano: Pablo y dem\u00e1s deudos participan su fallecimiento.<\/p>\n<p>&nbsp;<\/p>\n<p>Sus restos ser\u00e1n velados desde las 11:30 en Espa\u00f1a 2942 Sala &#8220;C&#8221; \u00a0y ser\u00e1n inhumados desde las 15:30 en el cementerio Loma de Paz. Servicio adherido a Coopelectric.<\/p>\n<p>&nbsp;<\/p>\n<p>Barrio en el que viv\u00eda: San Vicente.<\/p>\n<p>&nbsp;<\/p>\n<p>Lugar de nacimiento: Ciudad de Buenos Aires<\/p>\n<p>&nbsp;<\/p>\n<p>Actividad que desarrollaba: Jubilado.<\/p>\n","protected":false},"excerpt":{"rendered":"<p>Falleci\u00f3 en Olavarr\u00eda el d\u00eda 25\u00a0 de Marzo de 2022 a los 70 a\u00f1os de edad. &nbsp; Su esposa: M\u00f3nica<\/p>\n","protected":false},"author":3,"featured_media":0,"comment_status":"closed","ping_status":"closed","sticky":false,"template":"","format":"standard","meta":{"_jetpack_memberships_contains_paid_content":false,"footnotes":""},"categories":[10],"tags":[],"class_list":["post-49978","post","type-post","status-publish","format-standard","hentry","category-necrologicas"],"jetpack_featured_media_url":"","jetpack_sharing_enabled":true,"_links":{"self":[{"href":"https:\/\/cdnoticias.com\/index.php\/wp-json\/wp\/v2\/posts\/49978","targetHints":{"allow":["GET"]}}],"collection":[{"href":"https:\/\/cdnoticias.com\/index.php\/wp-json\/wp\/v2\/posts"}],"about":[{"href":"https:\/\/cdnoticias.com\/index.php\/wp-json\/wp\/v2\/types\/post"}],"author":[{"embeddable":true,"href":"https:\/\/cdnoticias.com\/index.php\/wp-json\/wp\/v2\/users\/3"}],"replies":[{"embeddable":true,"href":"https:\/\/cdnoticias.com\/index.php\/wp-json\/wp\/v2\/comments?post=49978"}],"version-history":[{"count":0,"href":"https:\/\/cdnoticias.com\/index.php\/wp-json\/wp\/v2\/posts\/49978\/revisions"}],"wp:attachment":[{"href":"https:\/\/cdnoticias.com\/index.php\/wp-json\/wp\/v2\/media?parent=49978"}],"wp:term":[{"taxonomy":"category","embeddable":true,"href":"https:\/\/cdnoticias.com\/index.php\/wp-json\/wp\/v2\/categories?post=49978"},{"taxonomy":"post_tag","embeddable":true,"href":"https:\/\/cdnoticias.com\/index.php\/wp-json\/wp\/v2\/tags?post=49978"}],"curies":[{"name":"wp","href":"https:\/\/api.w.org\/{rel}","templated":true}]}}