{"id":49968,"date":"2022-03-26T09:24:25","date_gmt":"2022-03-26T12:24:25","guid":{"rendered":"https:\/\/www.centraldenoticias.com.ar\/?p=49968"},"modified":"2022-03-26T10:48:43","modified_gmt":"2022-03-26T13:48:43","slug":"este-sabado-la-posta-de-vacunacion-itinerante-estara-en-el-paseo-jesus-mendia","status":"publish","type":"post","link":"https:\/\/cdnoticias.com\/index.php\/2022\/03\/26\/este-sabado-la-posta-de-vacunacion-itinerante-estara-en-el-paseo-jesus-mendia\/","title":{"rendered":"Este s\u00e1bado la posta de vacunaci\u00f3n itinerante estar\u00e1 en el Paseo Jes\u00fas Mend\u00eda"},"content":{"rendered":"<p>Estar\u00e1 desde las 10 hasta las 14. El domingo estar\u00e1 en Sierras Bayas en el evento solidario por Joaqu\u00edn Draghi.<!--more--><\/p>\n<hr \/>\n<p>Pese al marcado descenso de casos no se detienen los esfuerzos preventivos de cara a la pandemia de Coronavirus. Es por ello que desde Regi\u00f3n Sanitaria IX se dispuso que siga su recorrido<strong> la posta de vacunaci\u00f3n itinerante, que volver\u00e1 a estar en distintos puntos del partido de Olavarr\u00eda.<\/strong><\/p>\n<p>&nbsp;<\/p>\n<p><img data-recalc-dims=\"1\" loading=\"lazy\" decoding=\"async\" class=\"alignnone size-large wp-image-46331\" src=\"https:\/\/i0.wp.com\/cdnoticias.com\/wp-content\/uploads\/2022\/02\/WhatsApp-Image-2022-02-12-at-11.16.23.jpeg?resize=800%2C600&#038;ssl=1\" alt=\"\" width=\"800\" height=\"600\" srcset=\"https:\/\/i0.wp.com\/cdnoticias.com\/wp-content\/uploads\/2022\/02\/WhatsApp-Image-2022-02-12-at-11.16.23.jpeg?resize=1024%2C768&amp;ssl=1 1024w, https:\/\/i0.wp.com\/cdnoticias.com\/wp-content\/uploads\/2022\/02\/WhatsApp-Image-2022-02-12-at-11.16.23.jpeg?resize=300%2C225&amp;ssl=1 300w, https:\/\/i0.wp.com\/cdnoticias.com\/wp-content\/uploads\/2022\/02\/WhatsApp-Image-2022-02-12-at-11.16.23.jpeg?resize=768%2C576&amp;ssl=1 768w, https:\/\/i0.wp.com\/cdnoticias.com\/wp-content\/uploads\/2022\/02\/WhatsApp-Image-2022-02-12-at-11.16.23.jpeg?resize=1536%2C1153&amp;ssl=1 1536w, https:\/\/i0.wp.com\/cdnoticias.com\/wp-content\/uploads\/2022\/02\/WhatsApp-Image-2022-02-12-at-11.16.23.jpeg?w=1599&amp;ssl=1 1599w\" sizes=\"auto, (max-width: 800px) 100vw, 800px\" \/><\/p>\n<p>&nbsp;<\/p>\n<p>De acuerdo con lo que se detall\u00f3, este s\u00e1bado estar\u00e1 en el <strong>Paseo Jes\u00fas Mend\u00eda<\/strong>, en el centro de la ciudad. Se realizar\u00e1n aplicaciones de primeras, segundas, terceras e inclusive cuartas dosis en el horario <strong>de 10 a 14.<\/strong><\/p>\n<p>&nbsp;<\/p>\n<p><img data-recalc-dims=\"1\" loading=\"lazy\" decoding=\"async\" class=\"alignnone size-full wp-image-38691\" src=\"https:\/\/i0.wp.com\/cdnoticias.com\/wp-content\/uploads\/2021\/11\/draghi.png?resize=800%2C445&#038;ssl=1\" alt=\"\" width=\"800\" height=\"445\" srcset=\"https:\/\/i0.wp.com\/cdnoticias.com\/wp-content\/uploads\/2021\/11\/draghi.png?w=800&amp;ssl=1 800w, https:\/\/i0.wp.com\/cdnoticias.com\/wp-content\/uploads\/2021\/11\/draghi.png?resize=300%2C167&amp;ssl=1 300w, https:\/\/i0.wp.com\/cdnoticias.com\/wp-content\/uploads\/2021\/11\/draghi.png?resize=768%2C427&amp;ssl=1 768w\" sizes=\"auto, (max-width: 800px) 100vw, 800px\" \/><\/p>\n<p>&nbsp;<\/p>\n<p>A la par, se agreg\u00f3 que el domingo se realizar\u00e1 la misma tarea en <strong>Sierras Bayas<\/strong>, m\u00e1s precisamente en la bicisenda de la localidad serrana, sitio en el que se realizar\u00e1 un evento solidario en beneficio de Joaqu\u00edn Draghi, el adolescente olavarriense que se encuentra realizando una rehabilitaci\u00f3n en la Capital Federal luego de haber protagonizado un accidente cuando jugaba al rugby.<\/p>\n","protected":false},"excerpt":{"rendered":"<p>Estar\u00e1 desde las 10 hasta las 14. El domingo estar\u00e1 en Sierras Bayas en el evento solidario por Joaqu\u00edn Draghi.<\/p>\n","protected":false},"author":3,"featured_media":46333,"comment_status":"closed","ping_status":"closed","sticky":false,"template":"","format":"standard","meta":{"_jetpack_memberships_contains_paid_content":false,"footnotes":""},"categories":[16,1],"tags":[],"class_list":["post-49968","post","type-post","status-publish","format-standard","has-post-thumbnail","hentry","category-covid-19","category-portada"],"jetpack_featured_media_url":"https:\/\/i0.wp.com\/cdnoticias.com\/wp-content\/uploads\/2022\/02\/WhatsApp-Image-2022-02-12-at-11.16.21.jpeg?fit=1599%2C1200&ssl=1","jetpack_sharing_enabled":true,"_links":{"self":[{"href":"https:\/\/cdnoticias.com\/index.php\/wp-json\/wp\/v2\/posts\/49968","targetHints":{"allow":["GET"]}}],"collection":[{"href":"https:\/\/cdnoticias.com\/index.php\/wp-json\/wp\/v2\/posts"}],"about":[{"href":"https:\/\/cdnoticias.com\/index.php\/wp-json\/wp\/v2\/types\/post"}],"author":[{"embeddable":true,"href":"https:\/\/cdnoticias.com\/index.php\/wp-json\/wp\/v2\/users\/3"}],"replies":[{"embeddable":true,"href":"https:\/\/cdnoticias.com\/index.php\/wp-json\/wp\/v2\/comments?post=49968"}],"version-history":[{"count":0,"href":"https:\/\/cdnoticias.com\/index.php\/wp-json\/wp\/v2\/posts\/49968\/revisions"}],"wp:featuredmedia":[{"embeddable":true,"href":"https:\/\/cdnoticias.com\/index.php\/wp-json\/wp\/v2\/media\/46333"}],"wp:attachment":[{"href":"https:\/\/cdnoticias.com\/index.php\/wp-json\/wp\/v2\/media?parent=49968"}],"wp:term":[{"taxonomy":"category","embeddable":true,"href":"https:\/\/cdnoticias.com\/index.php\/wp-json\/wp\/v2\/categories?post=49968"},{"taxonomy":"post_tag","embeddable":true,"href":"https:\/\/cdnoticias.com\/index.php\/wp-json\/wp\/v2\/tags?post=49968"}],"curies":[{"name":"wp","href":"https:\/\/api.w.org\/{rel}","templated":true}]}}