{"id":49957,"date":"2022-03-25T20:15:18","date_gmt":"2022-03-25T23:15:18","guid":{"rendered":"https:\/\/www.centraldenoticias.com.ar\/?p=49957"},"modified":"2022-03-25T20:15:18","modified_gmt":"2022-03-25T23:15:18","slug":"este-sabado-habra-nuevamente-feria-de-verduras","status":"publish","type":"post","link":"https:\/\/cdnoticias.com\/index.php\/2022\/03\/25\/este-sabado-habra-nuevamente-feria-de-verduras\/","title":{"rendered":"Este s\u00e1bado habr\u00e1 nuevamente Feria de Verduras"},"content":{"rendered":"<p>Se trata de las jornadas organizadas desde el MTE Rural. D\u00f3nde estar\u00e1n y los precios de los bolsones.<!--more--><\/p>\n<hr \/>\n<p>En la ma\u00f1ana de este s\u00e1bado se llevar\u00e1 a cabo una nueva <strong>Feria de Verduras organizada desde el MTE Rural<\/strong>, como siempre con el objetivo de ofrecer <strong>productos a \u201cprecios populares\u201d, \u201cdirecto de la quinta a tu mesa\u201d.<\/strong><\/p>\n<p>&nbsp;<\/p>\n<p><img data-recalc-dims=\"1\" loading=\"lazy\" decoding=\"async\" class=\"alignnone size-full wp-image-16665\" src=\"https:\/\/i0.wp.com\/cdnoticias.com\/wp-content\/uploads\/2021\/03\/feria02.jpg?resize=800%2C445&#038;ssl=1\" alt=\"\" width=\"800\" height=\"445\" srcset=\"https:\/\/i0.wp.com\/cdnoticias.com\/wp-content\/uploads\/2021\/03\/feria02.jpg?w=800&amp;ssl=1 800w, https:\/\/i0.wp.com\/cdnoticias.com\/wp-content\/uploads\/2021\/03\/feria02.jpg?resize=300%2C167&amp;ssl=1 300w, https:\/\/i0.wp.com\/cdnoticias.com\/wp-content\/uploads\/2021\/03\/feria02.jpg?resize=768%2C427&amp;ssl=1 768w\" sizes=\"auto, (max-width: 800px) 100vw, 800px\" \/><\/p>\n<p>&nbsp;<\/p>\n<p>Ser\u00e1 <strong>desde las 9 y \u00a0hasta agotar stock<\/strong>. Estar\u00e1n en tres puntos de la ciudad. Ser\u00e1 en el <strong>Parque Helios Eseverri<\/strong> (Avenida Trabajadores), <strong>Parque Mitre<\/strong> (Brown casi Del Valle) y <strong>Parque Rivadavia<\/strong> (Rivadavia y Avellaneda).<\/p>\n<p>&nbsp;<\/p>\n<p>\u201cVamos a estar ofreciendo <strong>bolsones de verdura a $500, bolsones de fruta a $520 y productos elaborados\u201d<\/strong>. \u201cNuestro trabajo es el alimento del pueblo!\u201d, concluyeron.<\/p>\n","protected":false},"excerpt":{"rendered":"<p>Se trata de las jornadas organizadas desde el MTE Rural. D\u00f3nde estar\u00e1n y los precios de los bolsones.<\/p>\n","protected":false},"author":3,"featured_media":21035,"comment_status":"closed","ping_status":"closed","sticky":false,"template":"","format":"standard","meta":{"_jetpack_memberships_contains_paid_content":false,"footnotes":""},"categories":[5,1],"tags":[],"class_list":["post-49957","post","type-post","status-publish","format-standard","has-post-thumbnail","hentry","category-informacion-general","category-portada"],"jetpack_featured_media_url":"https:\/\/i0.wp.com\/cdnoticias.com\/wp-content\/uploads\/2021\/05\/feriadeverduras00.jpg?fit=800%2C445&ssl=1","jetpack_sharing_enabled":true,"_links":{"self":[{"href":"https:\/\/cdnoticias.com\/index.php\/wp-json\/wp\/v2\/posts\/49957","targetHints":{"allow":["GET"]}}],"collection":[{"href":"https:\/\/cdnoticias.com\/index.php\/wp-json\/wp\/v2\/posts"}],"about":[{"href":"https:\/\/cdnoticias.com\/index.php\/wp-json\/wp\/v2\/types\/post"}],"author":[{"embeddable":true,"href":"https:\/\/cdnoticias.com\/index.php\/wp-json\/wp\/v2\/users\/3"}],"replies":[{"embeddable":true,"href":"https:\/\/cdnoticias.com\/index.php\/wp-json\/wp\/v2\/comments?post=49957"}],"version-history":[{"count":0,"href":"https:\/\/cdnoticias.com\/index.php\/wp-json\/wp\/v2\/posts\/49957\/revisions"}],"wp:featuredmedia":[{"embeddable":true,"href":"https:\/\/cdnoticias.com\/index.php\/wp-json\/wp\/v2\/media\/21035"}],"wp:attachment":[{"href":"https:\/\/cdnoticias.com\/index.php\/wp-json\/wp\/v2\/media?parent=49957"}],"wp:term":[{"taxonomy":"category","embeddable":true,"href":"https:\/\/cdnoticias.com\/index.php\/wp-json\/wp\/v2\/categories?post=49957"},{"taxonomy":"post_tag","embeddable":true,"href":"https:\/\/cdnoticias.com\/index.php\/wp-json\/wp\/v2\/tags?post=49957"}],"curies":[{"name":"wp","href":"https:\/\/api.w.org\/{rel}","templated":true}]}}