{"id":49932,"date":"2022-03-26T20:42:56","date_gmt":"2022-03-26T23:42:56","guid":{"rendered":"https:\/\/www.centraldenoticias.com.ar\/?p=49932"},"modified":"2022-03-27T09:30:25","modified_gmt":"2022-03-27T12:30:25","slug":"musica-y-censura-canciones-para-recordar-en-la-semana-de-la-memoria","status":"publish","type":"post","link":"https:\/\/cdnoticias.com\/index.php\/2022\/03\/26\/musica-y-censura-canciones-para-recordar-en-la-semana-de-la-memoria\/","title":{"rendered":"M\u00fasica y Censura: canciones para recordar en La Semana de la Memoria"},"content":{"rendered":"<p>Un repaso por las canciones que hablan sobre la dictadura y las que fueron censuradas a 46 a\u00f1os del golpe de Estado. Los detalles de una \u00e9poca a la que pedimos #Nuncam\u00e1s. <!--more--><\/p>\n<hr \/>\n<p><em>Por: Danisa Jaime<\/em><\/p>\n<p>&nbsp;<\/p>\n<p>A <strong>46 a\u00f1os del golpe de Estado<\/strong>, recordamos las infinitas formas de censura y tambi\u00e9n pedimos <strong>#Nuncam\u00e1s.<\/strong> La <strong>m\u00fasica y sus canciones fueron un objeto de expresi\u00f3n, denuncia, reflexi\u00f3n y refugio para j\u00f3venes y adultos.\u00a0<\/strong>El <strong>ataque directo hacia la cultura argentina<\/strong> se hizo ver: desde<strong> prohibiciones de canciones hasta m\u00fasicos que decidieron exiliarse.\u00a0<\/strong><\/p>\n<p>&nbsp;<\/p>\n<p>A continuaci\u00f3n, recordamos algunas canciones que hablan<strong> sobre la dictadura y otras que fueron censuradas:<\/strong><\/p>\n<p>&nbsp;<\/p>\n<ul>\n<li><strong>Los Dinosaurios, de Charly Garc\u00eda<\/strong><\/li>\n<\/ul>\n<p><em>&#8220;Los amigos del barrio pueden desaparecer, los cantores de radio pueden desaparecer, os que est\u00e1n en los diarios pueden desaparecer, la persona que amas puede desaparecer&#8221;.<\/em><\/p>\n<p>&nbsp;<\/p>\n<ul>\n<li><strong>La Memoria, de Le\u00f3n Gieco<\/strong><\/li>\n<\/ul>\n<p><em>&#8220;Todo est\u00e1 guardado en la memoria, sue\u00f1o de la vida y de la historia, del enga\u00f1o y la complicidad, de los genocidas que est\u00e1n sueltos. El indulto y el punto final, a las bestias de aquel infierno&#8221;.<\/em><\/p>\n<p>&nbsp;<\/p>\n<ul>\n<li><strong>Como la Cigarra, de Mercedes Sosa<\/strong><\/li>\n<\/ul>\n<p><em>\u201cTantas veces me borraron, tantas desaparec\u00ed. A mi propio entierro fui sola y llorando. Hice un nudo del pa\u00f1uelo pero me olvid\u00e9 despu\u00e9s que no era la \u00fanica vez y segu\u00ed cantando\u201d.<\/em><\/p>\n<p>&nbsp;<\/p>\n<ul>\n<li><strong>Vuelos, de la Bersuit Vergarabat<\/strong><\/li>\n<\/ul>\n<p><em>&#8220;Siempre me vas a ver, y cuando regrese de este vuelo eterno s\u00f3lo ver\u00e1s en mi, siempre a trav\u00e9s de mi un paisaje de espanto as\u00ed&#8221;.<\/em><\/p>\n<p>&nbsp;<\/p>\n<ul>\n<li><strong>Indultados, de Kapanga<\/strong><\/li>\n<\/ul>\n<p><em>&#8220;Ni olvido ni perd\u00f3n, Juicio y castigo, \u00a1Vamos las madres! Yo no me olvido \u00bfPor qu\u00e9 est\u00e1n libres los genocidas? Los quiero presos. \u00a1Toda la vida!<\/em><\/p>\n<p>&nbsp;<\/p>\n<ul>\n<li><strong>Pens\u00e9 que se trataba de cieguitos, de Los Twist<\/strong><\/li>\n<\/ul>\n<p><em>&#8220;Muy bien peinados, muy bien vestidos y con un ford verde. Pens\u00e9 que se trataba de cieguitos, anteojos negros usaban los seis. Al llegar me dijeron buenas noches \u00bfD\u00f3nde trabaja? \u00bfD\u00f3nde vive? \u00bfUsted qui\u00e9n es?&#8221;.<\/em><\/p>\n<p>&nbsp;<\/p>\n<ul>\n<li><strong>Los Viejos Vinagres, de Sumo<\/strong><\/li>\n<\/ul>\n<p><em>&#8220;Para vos lo peor es la libertad. \u00a1Estoy rodeado de viejos vinagres, todo alrededor!&#8221;<\/em><\/p>\n<p>&nbsp;<\/p>\n<ul>\n<li><strong>Canci\u00f3n de Alicia en el pa\u00eds, de Ser\u00fa Gir\u00e1n<\/strong><\/li>\n<\/ul>\n<p><em>&#8220;El asesino te asesina y es mucho para ti. Se acab\u00f3 ese juego que te hac\u00eda feliz&#8221;.<\/em><\/p>\n<p>&nbsp;<\/p>\n<ul>\n<li><strong>D\u00edas de silencio, de Luis Alberto Spinetta<\/strong><\/li>\n<\/ul>\n<p><em>&#8220;Hoy el lobo suelto est\u00e1, mira sus ojos brillar&#8221;.<\/em><\/p>\n<p>&nbsp;<\/p>\n<ul>\n<li><strong>Cruel, de Los Piojos<\/strong><\/li>\n<\/ul>\n<p><em>&#8220;Nunca te vi en ning\u00fan aviso, nunca te vi en la televisi\u00f3n, nunca te vi\u00a0en ning\u00fan diario, nunca nunca nunca escuch\u00e9 tu voz&#8221;.<\/em><\/p>\n<p>&nbsp;<\/p>\n<ul>\n<li><strong>No te dejes desanimar, de La M\u00e1quina de Hacer P\u00e1jaros<\/strong><\/li>\n<\/ul>\n<p><em>&#8220;No te dejes desanimar, no te dejes matar, quedan tantas ma\u00f1anas por andar&#8221;.<\/em><\/p>\n<p>&nbsp;<\/p>\n<ul>\n<li><strong>Represi\u00f3n, de Los Violadores<\/strong><\/li>\n<\/ul>\n<p><em>&#8220;Represi\u00f3n a la vuelta de tu casa, represi\u00f3n en el quiosco de la esquina, represi\u00f3n en la la panader\u00eda, represi\u00f3n 24 horas al d\u00eda&#8221;.<\/em><\/p>\n<p>&nbsp;<\/p>\n<ul>\n<li><strong>Sin Cadenas, de Los Pericos (resignificaci\u00f3n)<\/strong><\/li>\n<\/ul>\n<p><em>&#8220;Nada escapa, nada muere, nadie olvida, eso lo s\u00e9&#8221;.<\/em><\/p>\n<p>&nbsp;<\/p>\n<p>&nbsp;<\/p>\n<p><strong>Bonus Track: recomendaci\u00f3n<\/strong><\/p>\n<p>&nbsp;<\/p>\n<p>Siguen pasando los a\u00f1os y<strong> bandas nuevas tambi\u00e9n alzan la voz<\/strong> para recordar la tr\u00e1gica historia argentina. La banda <em><strong>1915<\/strong><\/em> se form\u00f3 en 2013. En el a\u00f1o 2018 lanzaron su disco <em><strong>&#8220;Bandera&#8221;<\/strong><\/em>. <strong>Cruz Hunkeler<\/strong>, integrante y cantante de la banda es<strong> nieto de desaparecidos.\u00a0<\/strong><\/p>\n<p>&nbsp;<\/p>\n<p><img data-recalc-dims=\"1\" loading=\"lazy\" decoding=\"async\" class=\"aligncenter wp-image-50023 size-large\" src=\"https:\/\/i0.wp.com\/cdnoticias.com\/wp-content\/uploads\/2022\/03\/unnamed-214_1000_1100.jpg?resize=800%2C522&#038;ssl=1\" alt=\"\" width=\"800\" height=\"522\" srcset=\"https:\/\/i0.wp.com\/cdnoticias.com\/wp-content\/uploads\/2022\/03\/unnamed-214_1000_1100.jpg?resize=1024%2C668&amp;ssl=1 1024w, https:\/\/i0.wp.com\/cdnoticias.com\/wp-content\/uploads\/2022\/03\/unnamed-214_1000_1100.jpg?resize=300%2C196&amp;ssl=1 300w, https:\/\/i0.wp.com\/cdnoticias.com\/wp-content\/uploads\/2022\/03\/unnamed-214_1000_1100.jpg?resize=768%2C501&amp;ssl=1 768w, https:\/\/i0.wp.com\/cdnoticias.com\/wp-content\/uploads\/2022\/03\/unnamed-214_1000_1100.jpg?w=1100&amp;ssl=1 1100w\" sizes=\"auto, (max-width: 800px) 100vw, 800px\" \/><\/p>\n<p>&nbsp;<\/p>\n<p><em>&#8220;Soy tu enemigo, soy todo tu placer, soy la presa, estoy a la merced del viento y puedo desaparecer&#8221;.<\/em><\/p>\n<p>&nbsp;<\/p>\n<p>La canci\u00f3n <em><strong>&#8220;El Enemigo&#8221;<\/strong><\/em> hace referencia a la <strong>\u00faltima dictadura militar<\/strong> sumando un <strong><em>sample<\/em><\/strong> de un <strong>reconocido video de<\/strong> <strong>Las Madres de Plaza de Mayo<\/strong> <strong>pidiendo ayuda a la prensa en 1978: <\/strong>&#8220;Nosotros solamente <strong>queremos saber, d\u00f3nde est\u00e1n nuestros hijos, vivos o muertos<\/strong>. La angustia porque no sabemos si est\u00e1n enfermos, si tienen fr\u00edo, si tienen hambre.<strong> No sabemos nada. Y desesperaci\u00f3n, se\u00f1or.<\/strong> Porque <strong>ya no sabemos a qui\u00e9n recurrir&#8221;.<\/strong><\/p>\n<p>&nbsp;<\/p>\n","protected":false},"excerpt":{"rendered":"<p>Un repaso por las canciones que hablan sobre la dictadura y las que fueron censuradas a 46 a\u00f1os del golpe<\/p>\n","protected":false},"author":6,"featured_media":49933,"comment_status":"closed","ping_status":"closed","sticky":false,"template":"","format":"standard","meta":{"_jetpack_memberships_contains_paid_content":false,"footnotes":""},"categories":[9,1],"tags":[],"class_list":["post-49932","post","type-post","status-publish","format-standard","has-post-thumbnail","hentry","category-cultura","category-portada"],"jetpack_featured_media_url":"https:\/\/i0.wp.com\/cdnoticias.com\/wp-content\/uploads\/2022\/03\/charly-sosa.jpg?fit=1440%2C957&ssl=1","jetpack_sharing_enabled":true,"_links":{"self":[{"href":"https:\/\/cdnoticias.com\/index.php\/wp-json\/wp\/v2\/posts\/49932","targetHints":{"allow":["GET"]}}],"collection":[{"href":"https:\/\/cdnoticias.com\/index.php\/wp-json\/wp\/v2\/posts"}],"about":[{"href":"https:\/\/cdnoticias.com\/index.php\/wp-json\/wp\/v2\/types\/post"}],"author":[{"embeddable":true,"href":"https:\/\/cdnoticias.com\/index.php\/wp-json\/wp\/v2\/users\/6"}],"replies":[{"embeddable":true,"href":"https:\/\/cdnoticias.com\/index.php\/wp-json\/wp\/v2\/comments?post=49932"}],"version-history":[{"count":0,"href":"https:\/\/cdnoticias.com\/index.php\/wp-json\/wp\/v2\/posts\/49932\/revisions"}],"wp:featuredmedia":[{"embeddable":true,"href":"https:\/\/cdnoticias.com\/index.php\/wp-json\/wp\/v2\/media\/49933"}],"wp:attachment":[{"href":"https:\/\/cdnoticias.com\/index.php\/wp-json\/wp\/v2\/media?parent=49932"}],"wp:term":[{"taxonomy":"category","embeddable":true,"href":"https:\/\/cdnoticias.com\/index.php\/wp-json\/wp\/v2\/categories?post=49932"},{"taxonomy":"post_tag","embeddable":true,"href":"https:\/\/cdnoticias.com\/index.php\/wp-json\/wp\/v2\/tags?post=49932"}],"curies":[{"name":"wp","href":"https:\/\/api.w.org\/{rel}","templated":true}]}}