{"id":49912,"date":"2022-03-25T16:04:39","date_gmt":"2022-03-25T19:04:39","guid":{"rendered":"https:\/\/www.centraldenoticias.com.ar\/?p=49912"},"modified":"2022-03-28T08:46:23","modified_gmt":"2022-03-28T11:46:23","slug":"la-facultad-de-ciencias-de-la-salud-dictara-clases-en-el-centro-de-convenciones-municipal","status":"publish","type":"post","link":"https:\/\/cdnoticias.com\/index.php\/2022\/03\/25\/la-facultad-de-ciencias-de-la-salud-dictara-clases-en-el-centro-de-convenciones-municipal\/","title":{"rendered":"La Facultad de Ciencias de la Salud dictar\u00e1 clases en el Centro de Convenciones Municipal"},"content":{"rendered":"<p>Ser\u00e1 a partir de un convenio firmado entre el municipio y Unicen. El intendente Ezequiel Galli y el rector Marcelo Aba fueron parte de la firma.<!--more--><\/p>\n<hr \/>\n<p>En la tarde de este viernes el intendente Ezequiel Galli y el rector de la Universidad Nacional del Centro, Marcelo Aba, firmaron un convenio que permitir\u00e1 que <strong>la Facultad de Ciencias de la Salud dicte las clases en el Centro de Convenciones Olavarr\u00eda.<\/strong><\/p>\n<p>&nbsp;<\/p>\n<p>Vale recordad que desde hace ya varios meses <strong>la sede de esa Casa de Altos Estudios se encuentra en obra<\/strong>, motivo por el cual desde el rectorado se vienen realizando diversas gestiones, al punto que en las \u00faltimas horas <a href=\"https:\/\/cdnoticias.com\/index.php\/2022\/03\/24\/aba-se-reunio-con-katopodis-para-reanudar-la-obra-de-la-facultad-de-salud\/\" target=\"_blank\" rel=\"noopener\">el propio Marcelo Aba se reuni\u00f3n con el Ministro de Obras P\u00fablicas de la Naci\u00f3n Gabriel Katopodis.<\/a><\/p>\n<p>&nbsp;<\/p>\n<blockquote><p>Participaron adem\u00e1s, el secretario de salud Germ\u00e1n Caputo, la vicerrectora Alicia Spinello, el decano de la Facultad de Ciencias de la Salud H\u00e9ctor Trebucq, la vicedecana Bettina Bernardelli y el ingeniero Luis Mosquera.<\/p><\/blockquote>\n<p>&nbsp;<\/p>\n<p>Por lo pronto el acuerdo celebrado este viernes con el municipio local permite un paliativo frente al retorno de clases. <strong>\u201cPara nosotros es una ayuda enorme, por todo lo que significa. Queremos dejar el agradecimiento y esperemos que sea el menor tiempo posible\u201d<\/strong>, sostuvo el rector de la Unicen.<\/p>\n<p>&nbsp;<\/p>\n<p>Por su parte, el intendente Ezequiel Galli remarc\u00f3 que \u201cpara nosotros es una Facultad muy importante. <strong>Cuando Germ\u00e1n (Caputo) me trajo el tema no lo dud\u00e9. Siempre digo que el Centro de Convenciones ha sido una gran obra de la gesti\u00f3n de Jos\u00e9 Eseverri: hoy es un gran lugar con condiciones inmejorables para dar clases\u201d.<\/strong><\/p>\n<p>&nbsp;<\/p>\n<p><img data-recalc-dims=\"1\" loading=\"lazy\" decoding=\"async\" class=\"size-full wp-image-49913\" src=\"https:\/\/i0.wp.com\/cdnoticias.com\/wp-content\/uploads\/2022\/03\/Salud-Convenio-Facultad-2.jpg?resize=640%2C395&#038;ssl=1\" alt=\"\" width=\"640\" height=\"395\" srcset=\"https:\/\/i0.wp.com\/cdnoticias.com\/wp-content\/uploads\/2022\/03\/Salud-Convenio-Facultad-2.jpg?w=640&amp;ssl=1 640w, https:\/\/i0.wp.com\/cdnoticias.com\/wp-content\/uploads\/2022\/03\/Salud-Convenio-Facultad-2.jpg?resize=300%2C185&amp;ssl=1 300w\" sizes=\"auto, (max-width: 640px) 100vw, 640px\" \/><\/p>\n<p>&nbsp;<\/p>\n<p>A partir de la firma del convenio,<strong> se destinar\u00e1 el espacio para las clases de las carreras de Medicina y la Licenciatura en Enfermer\u00eda de la Facultad de Ciencias de la Salud, por el plazo de 10 meses desde este corriente mes de marzo.<\/strong><\/p>\n<p>&nbsp;<\/p>\n<p>\u201cEs importante que desde el Municipio podamos seguir aportando para la formaci\u00f3n de los futuros profesionales. Trabajamos permanentemente en conjunto y seguiremos por este camino tan importante para la salud p\u00fablica. <strong>Me alegro mucho que puedan aprovechar el lugar, no solo por lo que significa para Olavarr\u00eda, sino tambi\u00e9n en particular para el Hospital\u201d<\/strong>, sostuvo el intendente Ezequiel Galli.<\/p>\n","protected":false},"excerpt":{"rendered":"<p>Ser\u00e1 a partir de un convenio firmado entre el municipio y Unicen. El intendente Ezequiel Galli y el rector Marcelo<\/p>\n","protected":false},"author":3,"featured_media":49914,"comment_status":"closed","ping_status":"closed","sticky":false,"template":"","format":"standard","meta":{"_jetpack_memberships_contains_paid_content":false,"footnotes":""},"categories":[5,1],"tags":[],"class_list":["post-49912","post","type-post","status-publish","format-standard","has-post-thumbnail","hentry","category-informacion-general","category-portada"],"jetpack_featured_media_url":"https:\/\/i0.wp.com\/cdnoticias.com\/wp-content\/uploads\/2022\/03\/Salud-Convenio-Facultad-1.jpg?fit=640%2C371&ssl=1","jetpack_sharing_enabled":true,"_links":{"self":[{"href":"https:\/\/cdnoticias.com\/index.php\/wp-json\/wp\/v2\/posts\/49912","targetHints":{"allow":["GET"]}}],"collection":[{"href":"https:\/\/cdnoticias.com\/index.php\/wp-json\/wp\/v2\/posts"}],"about":[{"href":"https:\/\/cdnoticias.com\/index.php\/wp-json\/wp\/v2\/types\/post"}],"author":[{"embeddable":true,"href":"https:\/\/cdnoticias.com\/index.php\/wp-json\/wp\/v2\/users\/3"}],"replies":[{"embeddable":true,"href":"https:\/\/cdnoticias.com\/index.php\/wp-json\/wp\/v2\/comments?post=49912"}],"version-history":[{"count":0,"href":"https:\/\/cdnoticias.com\/index.php\/wp-json\/wp\/v2\/posts\/49912\/revisions"}],"wp:featuredmedia":[{"embeddable":true,"href":"https:\/\/cdnoticias.com\/index.php\/wp-json\/wp\/v2\/media\/49914"}],"wp:attachment":[{"href":"https:\/\/cdnoticias.com\/index.php\/wp-json\/wp\/v2\/media?parent=49912"}],"wp:term":[{"taxonomy":"category","embeddable":true,"href":"https:\/\/cdnoticias.com\/index.php\/wp-json\/wp\/v2\/categories?post=49912"},{"taxonomy":"post_tag","embeddable":true,"href":"https:\/\/cdnoticias.com\/index.php\/wp-json\/wp\/v2\/tags?post=49912"}],"curies":[{"name":"wp","href":"https:\/\/api.w.org\/{rel}","templated":true}]}}