{"id":4991,"date":"2020-10-27T12:31:15","date_gmt":"2020-10-27T15:31:15","guid":{"rendered":"http:\/\/www.centraldenoticias.com.ar\/?p=4991"},"modified":"2020-10-27T12:31:15","modified_gmt":"2020-10-27T15:31:15","slug":"fondo-especial-cultura-y-deporte-confirman-fecha-para-asamblea-de-mayores-contribuyentes","status":"publish","type":"post","link":"https:\/\/cdnoticias.com\/index.php\/2020\/10\/27\/fondo-especial-cultura-y-deporte-confirman-fecha-para-asamblea-de-mayores-contribuyentes\/","title":{"rendered":"Fondo Especial Cultura y Deporte: confirman fecha para Asamblea de Mayores Contribuyentes"},"content":{"rendered":"<p>El presidente del cuerpo, Bruno Cenizo, convoc\u00f3 a sesi\u00f3n para el pr\u00f3ximo 5 de noviembre, en horas de la ma\u00f1ana. All\u00ed, se votar\u00e1 nuevamente la creaci\u00f3n de este Fondo que busca \u201cacompa\u00f1ar\u201d a sectores que fueron perjudicados por la pandemia.<!--more--><\/p>\n<hr \/>\n<p>En un decreto firmado por el Presidente del HCD, Bruno Cenizo,<strong> se convoc\u00f3 a la Asamblea de Mayores Contribuyentes para el pr\u00f3ximo 5 de noviembre a las 9 de la ma\u00f1ana, donde se debatir\u00e1 el Fondo Especial de Cultura y Deporte.<\/strong><\/p>\n<p>&nbsp;<\/p>\n<blockquote><p>Cabe se\u00f1alar que en la \u00faltima sesi\u00f3n preparatoria desarrollada el jueves pasado,<a href=\"https:\/\/cdnoticias.com\/index.php\/2020\/10\/22\/en-sesion-preparatoria-y-con-varios-cruces-se-aprobo-el-fondo-especial-de-cultura-y-deporte\/\" target=\"_blank\" rel=\"noopener\"> el proyecto fue aprobado por mayor\u00eda y con algunas modificaciones<\/a> propuestas por los bloques Cuidemos Olavarr\u00eda, Radicales en Juntos por el Cambio y la UCR, con la ausencia por enfermedad de su concejal, Mart\u00edn Lastape.<\/p><\/blockquote>\n<p>&nbsp;<\/p>\n<p><strong>Como se realizan modificaciones a la Ordenanza Fiscal e Impositiva<\/strong> (se propone suba de tasas en comercios de grandes superficies como los supermercados, bancos y cementeras)<strong> los asamble\u00edstas deber\u00e1n confirmar, junto con los concejales, si se aprueba el proyecto de ordenanza que present\u00f3 el Interbloque de Todos.<\/strong><\/p>\n<p>&nbsp;<\/p>\n<p>Con ese dinero recaudado del incremento de los tributos,<strong> se crear\u00e1 un Fondo Especial para acompa\u00f1ar a sectores que no pudieron abrir durante un largo periodo sus comercios por la pandemia del COVID<\/strong>. Seg\u00fan el propio oficialismo (que no vot\u00f3 el proyecto) se estima una recaudaci\u00f3n de poco m\u00e1s de 8 millones de pesos.<\/p>\n<p>&nbsp;<\/p>\n<p>En la conferencia del \u00faltimo lunes, el Intendente Galli se\u00f1al\u00f3 que<strong> por ahora la prioridad es el esfuerzo para que los rubros cerrados por el regreso a Fase 3 vuelvan a abrir<\/strong>, y que para tomar una decisi\u00f3n con respecto a esta ordenanza<em> \u201cprimero se tiene que aprobar\u201d.<\/em><\/p>\n","protected":false},"excerpt":{"rendered":"<p>El presidente del cuerpo, Bruno Cenizo, convoc\u00f3 a sesi\u00f3n para el pr\u00f3ximo 5 de noviembre, en horas de la ma\u00f1ana.<\/p>\n","protected":false},"author":2,"featured_media":4683,"comment_status":"closed","ping_status":"closed","sticky":false,"template":"","format":"standard","meta":{"_jetpack_memberships_contains_paid_content":false,"footnotes":""},"categories":[4,1],"tags":[],"class_list":["post-4991","post","type-post","status-publish","format-standard","has-post-thumbnail","hentry","category-politica","category-portada"],"jetpack_featured_media_url":"https:\/\/i0.wp.com\/cdnoticias.com\/wp-content\/uploads\/2020\/10\/HCD-prensa-2.jpg?fit=1160%2C868&ssl=1","jetpack_sharing_enabled":true,"_links":{"self":[{"href":"https:\/\/cdnoticias.com\/index.php\/wp-json\/wp\/v2\/posts\/4991","targetHints":{"allow":["GET"]}}],"collection":[{"href":"https:\/\/cdnoticias.com\/index.php\/wp-json\/wp\/v2\/posts"}],"about":[{"href":"https:\/\/cdnoticias.com\/index.php\/wp-json\/wp\/v2\/types\/post"}],"author":[{"embeddable":true,"href":"https:\/\/cdnoticias.com\/index.php\/wp-json\/wp\/v2\/users\/2"}],"replies":[{"embeddable":true,"href":"https:\/\/cdnoticias.com\/index.php\/wp-json\/wp\/v2\/comments?post=4991"}],"version-history":[{"count":0,"href":"https:\/\/cdnoticias.com\/index.php\/wp-json\/wp\/v2\/posts\/4991\/revisions"}],"wp:featuredmedia":[{"embeddable":true,"href":"https:\/\/cdnoticias.com\/index.php\/wp-json\/wp\/v2\/media\/4683"}],"wp:attachment":[{"href":"https:\/\/cdnoticias.com\/index.php\/wp-json\/wp\/v2\/media?parent=4991"}],"wp:term":[{"taxonomy":"category","embeddable":true,"href":"https:\/\/cdnoticias.com\/index.php\/wp-json\/wp\/v2\/categories?post=4991"},{"taxonomy":"post_tag","embeddable":true,"href":"https:\/\/cdnoticias.com\/index.php\/wp-json\/wp\/v2\/tags?post=4991"}],"curies":[{"name":"wp","href":"https:\/\/api.w.org\/{rel}","templated":true}]}}