{"id":49890,"date":"2022-03-25T14:01:37","date_gmt":"2022-03-25T17:01:37","guid":{"rendered":"https:\/\/www.centraldenoticias.com.ar\/?p=49890"},"modified":"2022-03-25T14:01:37","modified_gmt":"2022-03-25T17:01:37","slug":"son-25-los-pacientes-con-covid-19-en-olavarria","status":"publish","type":"post","link":"https:\/\/cdnoticias.com\/index.php\/2022\/03\/25\/son-25-los-pacientes-con-covid-19-en-olavarria\/","title":{"rendered":"Son 25 los pacientes con Covid-19 en Olavarr\u00eda"},"content":{"rendered":"<p>Este viernes se conoci\u00f3 el informe sanitario semanal. El domingo falleci\u00f3 un hombre de 81 a\u00f1os. Actualmente hay dos pacientes internados en el Hospital Municipal.<!--more--><\/p>\n<hr \/>\n<p>La Secretar\u00eda de Salud del Municipio emiti\u00f3 el informe sanitario semanal, correspondiente a la situaci\u00f3n epidemiol\u00f3gica comprendida entre el<strong> s\u00e1bado 19 y este viernes 25 de marzo.<\/strong><\/p>\n<p>&nbsp;<\/p>\n<p>Entre los d\u00edas del presente informe, <strong>el domingo 20 de marzo falleci\u00f3 un paciente con Covid-19 que presentaba comorbilidades<\/strong> y estuvo internado una semana en el Hospital Municipal. <strong>Ten\u00eda 81 a\u00f1os y tres dosis de vacunas.<\/strong><\/p>\n<p>&nbsp;<\/p>\n<p><img data-recalc-dims=\"1\" loading=\"lazy\" decoding=\"async\" class=\"aligncenter size-full wp-image-49891\" src=\"https:\/\/i0.wp.com\/cdnoticias.com\/wp-content\/uploads\/2022\/03\/WhatsApp-Image-2022-03-25-at-13.40.04.jpeg?resize=800%2C799&#038;ssl=1\" alt=\"\" width=\"800\" height=\"799\" srcset=\"https:\/\/i0.wp.com\/cdnoticias.com\/wp-content\/uploads\/2022\/03\/WhatsApp-Image-2022-03-25-at-13.40.04.jpeg?w=1280&amp;ssl=1 1280w, https:\/\/i0.wp.com\/cdnoticias.com\/wp-content\/uploads\/2022\/03\/WhatsApp-Image-2022-03-25-at-13.40.04.jpeg?resize=300%2C300&amp;ssl=1 300w, https:\/\/i0.wp.com\/cdnoticias.com\/wp-content\/uploads\/2022\/03\/WhatsApp-Image-2022-03-25-at-13.40.04.jpeg?resize=1024%2C1024&amp;ssl=1 1024w, https:\/\/i0.wp.com\/cdnoticias.com\/wp-content\/uploads\/2022\/03\/WhatsApp-Image-2022-03-25-at-13.40.04.jpeg?resize=150%2C150&amp;ssl=1 150w, https:\/\/i0.wp.com\/cdnoticias.com\/wp-content\/uploads\/2022\/03\/WhatsApp-Image-2022-03-25-at-13.40.04.jpeg?resize=768%2C767&amp;ssl=1 768w\" sizes=\"auto, (max-width: 800px) 100vw, 800px\" \/><\/p>\n<p>&nbsp;<\/p>\n<p>En cuanto a los hisopados de la semana, que fueron 228, <strong>6 fueron positivos<\/strong> y 222 negativos para Covid-19. La positividad fue del 2.6%.<\/p>\n<p>&nbsp;<\/p>\n<blockquote><p>Actualmente son 25 los pacientes que transitan la enfermedad en Olavarr\u00eda, con un promedio de edad de 44 a\u00f1os.<\/p><\/blockquote>\n<p>&nbsp;<\/p>\n<p><img data-recalc-dims=\"1\" loading=\"lazy\" decoding=\"async\" class=\"aligncenter size-full wp-image-49892\" src=\"https:\/\/i0.wp.com\/cdnoticias.com\/wp-content\/uploads\/2022\/03\/WhatsApp-Image-2022-03-25-at-13.40.05.jpeg?resize=800%2C800&#038;ssl=1\" alt=\"\" width=\"800\" height=\"800\" srcset=\"https:\/\/i0.wp.com\/cdnoticias.com\/wp-content\/uploads\/2022\/03\/WhatsApp-Image-2022-03-25-at-13.40.05.jpeg?w=1280&amp;ssl=1 1280w, https:\/\/i0.wp.com\/cdnoticias.com\/wp-content\/uploads\/2022\/03\/WhatsApp-Image-2022-03-25-at-13.40.05.jpeg?resize=300%2C300&amp;ssl=1 300w, https:\/\/i0.wp.com\/cdnoticias.com\/wp-content\/uploads\/2022\/03\/WhatsApp-Image-2022-03-25-at-13.40.05.jpeg?resize=1024%2C1024&amp;ssl=1 1024w, https:\/\/i0.wp.com\/cdnoticias.com\/wp-content\/uploads\/2022\/03\/WhatsApp-Image-2022-03-25-at-13.40.05.jpeg?resize=150%2C150&amp;ssl=1 150w, https:\/\/i0.wp.com\/cdnoticias.com\/wp-content\/uploads\/2022\/03\/WhatsApp-Image-2022-03-25-at-13.40.05.jpeg?resize=768%2C768&amp;ssl=1 768w\" sizes=\"auto, (max-width: 800px) 100vw, 800px\" \/><\/p>\n<p>&nbsp;<\/p>\n<p>En tanto, en el Hospital Municipal \u201cH\u00e9ctor M. Cura\u201d hay <strong>2 pacientes internados en Cuidados Generales.<\/strong><\/p>\n<p>&nbsp;<\/p>\n<p>Por \u00faltimo, se inform\u00f3 que la incidencia de los casos fue de 2.5 y la raz\u00f3n de los casos de 0.6: <strong>ambos indicadores se mantienen en riesgo bajo.<\/strong><\/p>\n<p>&nbsp;<\/p>\n","protected":false},"excerpt":{"rendered":"<p>Este viernes se conoci\u00f3 el informe sanitario semanal. El domingo falleci\u00f3 un hombre de 81 a\u00f1os. Actualmente hay dos pacientes<\/p>\n","protected":false},"author":5,"featured_media":30761,"comment_status":"closed","ping_status":"closed","sticky":false,"template":"","format":"standard","meta":{"_jetpack_memberships_contains_paid_content":false,"footnotes":""},"categories":[16,1],"tags":[],"class_list":["post-49890","post","type-post","status-publish","format-standard","has-post-thumbnail","hentry","category-covid-19","category-portada"],"jetpack_featured_media_url":"https:\/\/i0.wp.com\/cdnoticias.com\/wp-content\/uploads\/2021\/08\/hospital02.jpg?fit=4608%2C3072&ssl=1","jetpack_sharing_enabled":true,"_links":{"self":[{"href":"https:\/\/cdnoticias.com\/index.php\/wp-json\/wp\/v2\/posts\/49890","targetHints":{"allow":["GET"]}}],"collection":[{"href":"https:\/\/cdnoticias.com\/index.php\/wp-json\/wp\/v2\/posts"}],"about":[{"href":"https:\/\/cdnoticias.com\/index.php\/wp-json\/wp\/v2\/types\/post"}],"author":[{"embeddable":true,"href":"https:\/\/cdnoticias.com\/index.php\/wp-json\/wp\/v2\/users\/5"}],"replies":[{"embeddable":true,"href":"https:\/\/cdnoticias.com\/index.php\/wp-json\/wp\/v2\/comments?post=49890"}],"version-history":[{"count":0,"href":"https:\/\/cdnoticias.com\/index.php\/wp-json\/wp\/v2\/posts\/49890\/revisions"}],"wp:featuredmedia":[{"embeddable":true,"href":"https:\/\/cdnoticias.com\/index.php\/wp-json\/wp\/v2\/media\/30761"}],"wp:attachment":[{"href":"https:\/\/cdnoticias.com\/index.php\/wp-json\/wp\/v2\/media?parent=49890"}],"wp:term":[{"taxonomy":"category","embeddable":true,"href":"https:\/\/cdnoticias.com\/index.php\/wp-json\/wp\/v2\/categories?post=49890"},{"taxonomy":"post_tag","embeddable":true,"href":"https:\/\/cdnoticias.com\/index.php\/wp-json\/wp\/v2\/tags?post=49890"}],"curies":[{"name":"wp","href":"https:\/\/api.w.org\/{rel}","templated":true}]}}