{"id":49876,"date":"2022-03-25T10:23:53","date_gmt":"2022-03-25T13:23:53","guid":{"rendered":"https:\/\/www.centraldenoticias.com.ar\/?p=49876"},"modified":"2022-03-25T11:28:10","modified_gmt":"2022-03-25T14:28:10","slug":"vuelve-la-feria-gastronomica-sabores-del-mundo","status":"publish","type":"post","link":"https:\/\/cdnoticias.com\/index.php\/2022\/03\/25\/vuelve-la-feria-gastronomica-sabores-del-mundo\/","title":{"rendered":"Vuelve la feria gastron\u00f3mica Sabores del Mundo"},"content":{"rendered":"<p>Ser\u00e1 del 8 al 10 de abril en inmediaciones del Centro Cultural San Jos\u00e9, con 30 stands de cocina tradicional y 150 stands de artesanos. <!--more--><\/p>\n<hr \/>\n<p>En la ma\u00f1ana de este viernes <strong>se anunci\u00f3 el regreso de una importante feria que tuvo \u00e9xito en la ciudad: Sabores del Mundo estar\u00e1 nuevamente en Olavarr\u00eda.<\/strong><\/p>\n<p>&nbsp;<\/p>\n<blockquote><p>El evento se realizar\u00e1 en esta ocasi\u00f3n del 8 al 10 de abril en inmediaciones del Centro Cultural Municipal \u201cSan Jos\u00e9\u201d. Reunir\u00e1 m\u00e1s de 30 stands de cocina tradicional, 150 stands de artesanos y juegos infantiles y de recreaci\u00f3n para la familia y artistas locales.<\/p><\/blockquote>\n<p>&nbsp;<\/p>\n<p><strong>\u201cSabores del Mundo\u201d es una feria itinerante de artesan\u00edas y comidas t\u00edpicas de todo el mundo<\/strong>, integrada por emprendedores. Esta iniciativa tiene por objeto &#8220;la difusi\u00f3n cultural a trav\u00e9s de las artesan\u00edas, los productos regionales de nuestro pa\u00eds y la cocina t\u00edpica aut\u00f3ctona y del mundo, a partir de muestras itinerantes de primer nivel&#8221;.<\/p>\n<p>&nbsp;<\/p>\n<blockquote><p>Olavarr\u00eda ha sido parte de esta feria que llegar\u00e1 una vez m\u00e1s a nuestra ciudad con las diferentes propuestas con las que cuenta.<\/p><\/blockquote>\n<p>&nbsp;<\/p>\n<p><strong>Los puestos se habilitar\u00e1n de 10:30 a 23:00 horas.<\/strong> Los concurrentes podr\u00e1n disfrutar de variedad de comidas t\u00edpicas, as\u00ed como alimentos, conservas, quesos, fiambres y bebidas de primera calidad y a precios muy accesibles. Adem\u00e1s habr\u00e1 jugos, licuados y cervezas artesanales, como as\u00ed tambi\u00e9n deleites dulces.<\/p>\n<p>&nbsp;<\/p>\n<p>Asimismo, <strong>se llevar\u00e1n a cabo distintos espect\u00e1culos en el escenario central.<\/strong><\/p>\n","protected":false},"excerpt":{"rendered":"<p>Ser\u00e1 del 8 al 10 de abril en inmediaciones del Centro Cultural San Jos\u00e9, con 30 stands de cocina tradicional<\/p>\n","protected":false},"author":2,"featured_media":49877,"comment_status":"closed","ping_status":"closed","sticky":false,"template":"","format":"standard","meta":{"_jetpack_memberships_contains_paid_content":false,"footnotes":""},"categories":[5,1],"tags":[],"class_list":["post-49876","post","type-post","status-publish","format-standard","has-post-thumbnail","hentry","category-informacion-general","category-portada"],"jetpack_featured_media_url":"https:\/\/i0.wp.com\/cdnoticias.com\/wp-content\/uploads\/2022\/03\/Cultura-Sabores-del-Mundo-1024x683-1.jpg?fit=1024%2C683&ssl=1","jetpack_sharing_enabled":true,"_links":{"self":[{"href":"https:\/\/cdnoticias.com\/index.php\/wp-json\/wp\/v2\/posts\/49876","targetHints":{"allow":["GET"]}}],"collection":[{"href":"https:\/\/cdnoticias.com\/index.php\/wp-json\/wp\/v2\/posts"}],"about":[{"href":"https:\/\/cdnoticias.com\/index.php\/wp-json\/wp\/v2\/types\/post"}],"author":[{"embeddable":true,"href":"https:\/\/cdnoticias.com\/index.php\/wp-json\/wp\/v2\/users\/2"}],"replies":[{"embeddable":true,"href":"https:\/\/cdnoticias.com\/index.php\/wp-json\/wp\/v2\/comments?post=49876"}],"version-history":[{"count":0,"href":"https:\/\/cdnoticias.com\/index.php\/wp-json\/wp\/v2\/posts\/49876\/revisions"}],"wp:featuredmedia":[{"embeddable":true,"href":"https:\/\/cdnoticias.com\/index.php\/wp-json\/wp\/v2\/media\/49877"}],"wp:attachment":[{"href":"https:\/\/cdnoticias.com\/index.php\/wp-json\/wp\/v2\/media?parent=49876"}],"wp:term":[{"taxonomy":"category","embeddable":true,"href":"https:\/\/cdnoticias.com\/index.php\/wp-json\/wp\/v2\/categories?post=49876"},{"taxonomy":"post_tag","embeddable":true,"href":"https:\/\/cdnoticias.com\/index.php\/wp-json\/wp\/v2\/tags?post=49876"}],"curies":[{"name":"wp","href":"https:\/\/api.w.org\/{rel}","templated":true}]}}