{"id":49874,"date":"2022-03-25T10:02:21","date_gmt":"2022-03-25T13:02:21","guid":{"rendered":"https:\/\/www.centraldenoticias.com.ar\/?p=49874"},"modified":"2022-03-25T10:02:21","modified_gmt":"2022-03-25T13:02:21","slug":"control-urbano-multo-a-una-comparsa-por-ruidos-molestos","status":"publish","type":"post","link":"https:\/\/cdnoticias.com\/index.php\/2022\/03\/25\/control-urbano-multo-a-una-comparsa-por-ruidos-molestos\/","title":{"rendered":"Control Urbano mult\u00f3 a una comparsa por ruidos molestos"},"content":{"rendered":"<p>Fue en la jornada del mi\u00e9rcoles, en la zona del Cors\u00f3dromo Municipal. Midieron los decibeles y era \u201cmayor del permitido\u201d.<!--more--><\/p>\n<hr \/>\n<p>En la jornada del pasado mi\u00e9rcoles<strong>, personal de Control Urbano y Polic\u00eda de Tr\u00e1nsito multaron a una comparsa por superar los decibeles mientras ensayaban en el Cors\u00f3dromo Municipal.<\/strong><\/p>\n<p>&nbsp;<\/p>\n<p>Seg\u00fan se inform\u00f3 desde la Subsecretar\u00eda de Seguridad, en un control realizado en el lugar encontraron a las comparsas ensayando y <strong><em>\u201cse constat\u00f3 que, al realizarse el control de decibeles, se estableci\u00f3 que el mismo era de 74.3 decibeles, superior a lo permitido\u201d.<\/em><\/strong><\/p>\n<p>&nbsp;<\/p>\n<p>Es por ello que los agentes presentes <strong>realizaron la correspondiente multa por ruidos molestos, e interviene el Juzgado de Faltas<\/strong> a cargo del doctor Luciano Blanco.<\/p>\n","protected":false},"excerpt":{"rendered":"<p>Fue en la jornada del mi\u00e9rcoles, en la zona del Cors\u00f3dromo Municipal. Midieron los decibeles y era \u201cmayor del permitido\u201d.<\/p>\n","protected":false},"author":2,"featured_media":44703,"comment_status":"closed","ping_status":"closed","sticky":false,"template":"","format":"standard","meta":{"_jetpack_memberships_contains_paid_content":false,"footnotes":""},"categories":[14,1],"tags":[],"class_list":["post-49874","post","type-post","status-publish","format-standard","has-post-thumbnail","hentry","category-policiales","category-portada"],"jetpack_featured_media_url":"https:\/\/i0.wp.com\/cdnoticias.com\/wp-content\/uploads\/2022\/01\/control-urbano-sierra-chica.jpg?fit=858%2C477&ssl=1","jetpack_sharing_enabled":true,"_links":{"self":[{"href":"https:\/\/cdnoticias.com\/index.php\/wp-json\/wp\/v2\/posts\/49874","targetHints":{"allow":["GET"]}}],"collection":[{"href":"https:\/\/cdnoticias.com\/index.php\/wp-json\/wp\/v2\/posts"}],"about":[{"href":"https:\/\/cdnoticias.com\/index.php\/wp-json\/wp\/v2\/types\/post"}],"author":[{"embeddable":true,"href":"https:\/\/cdnoticias.com\/index.php\/wp-json\/wp\/v2\/users\/2"}],"replies":[{"embeddable":true,"href":"https:\/\/cdnoticias.com\/index.php\/wp-json\/wp\/v2\/comments?post=49874"}],"version-history":[{"count":0,"href":"https:\/\/cdnoticias.com\/index.php\/wp-json\/wp\/v2\/posts\/49874\/revisions"}],"wp:featuredmedia":[{"embeddable":true,"href":"https:\/\/cdnoticias.com\/index.php\/wp-json\/wp\/v2\/media\/44703"}],"wp:attachment":[{"href":"https:\/\/cdnoticias.com\/index.php\/wp-json\/wp\/v2\/media?parent=49874"}],"wp:term":[{"taxonomy":"category","embeddable":true,"href":"https:\/\/cdnoticias.com\/index.php\/wp-json\/wp\/v2\/categories?post=49874"},{"taxonomy":"post_tag","embeddable":true,"href":"https:\/\/cdnoticias.com\/index.php\/wp-json\/wp\/v2\/tags?post=49874"}],"curies":[{"name":"wp","href":"https:\/\/api.w.org\/{rel}","templated":true}]}}