{"id":4986,"date":"2020-10-27T12:09:13","date_gmt":"2020-10-27T15:09:13","guid":{"rendered":"http:\/\/www.centraldenoticias.com.ar\/?p=4986"},"modified":"2020-10-27T12:09:13","modified_gmt":"2020-10-27T15:09:13","slug":"covid-el-interior-bonaerense-tuvo-39-de-los-casos","status":"publish","type":"post","link":"https:\/\/cdnoticias.com\/index.php\/2020\/10\/27\/covid-el-interior-bonaerense-tuvo-39-de-los-casos\/","title":{"rendered":"Covid: el \u201cinterior\u201d bonaerense tuvo 39% de los casos"},"content":{"rendered":"<p>El ministro de Salud provincial, Daniel Goll\u00e1n, expuso la actualidad de la situaci\u00f3n epidemiel\u00f3gica: sigue la baja de contagios en el AMBA y crece en el interior. En el interior de la Provincia el promedio diario subi\u00f3 a 1.515 casos la semana pasada.<!--more--><\/p>\n<hr \/>\n<p>En la<a href=\"https:\/\/cdnoticias.com\/index.php\/2020\/10\/27\/la-semana-pasada-olavarria-fue-el-distrito-con-mas-nuevos-casos\/\" target=\"_blank\" rel=\"noopener\"> conferencia que dieron este martes<\/a> los ministros de Salud, Daniel Goll\u00e1n, y de Jefatura de Gabinete, Carlos Bianco, brindaron informaci\u00f3n sobre la situaci\u00f3n epidemiol\u00f3gica de la provincia de Buenos Aires.<\/p>\n<p>Hasta el momento, en la provincia de Buenos Aires <strong>se han confirmado 531.014 casos de Covid-19 y han fallecido 16.802 personas<\/strong>.<\/p>\n<p><strong>El ministro Gollan remarc\u00f3 el descenso paulatino y sostenido de la cantidad de casos en el conjunto provincial<\/strong>, con un promedio diario que la semana pasada se ubic\u00f3 en 4.153 contagios, mientras que en la \u00faltima semana de agosto se hab\u00eda alcanzado un m\u00e1ximo de 5.845.<\/p>\n<p><img data-recalc-dims=\"1\" loading=\"lazy\" decoding=\"async\" class=\"aligncenter wp-image-4988\" src=\"https:\/\/i0.wp.com\/cdnoticias.com\/wp-content\/uploads\/2020\/10\/01-casos-gollan.jpg?resize=800%2C379&#038;ssl=1\" alt=\"\" width=\"800\" height=\"379\" srcset=\"https:\/\/i0.wp.com\/cdnoticias.com\/wp-content\/uploads\/2020\/10\/01-casos-gollan.jpg?resize=300%2C142&amp;ssl=1 300w, https:\/\/i0.wp.com\/cdnoticias.com\/wp-content\/uploads\/2020\/10\/01-casos-gollan.jpg?resize=768%2C364&amp;ssl=1 768w, https:\/\/i0.wp.com\/cdnoticias.com\/wp-content\/uploads\/2020\/10\/01-casos-gollan.jpg?resize=1024%2C485&amp;ssl=1 1024w, https:\/\/i0.wp.com\/cdnoticias.com\/wp-content\/uploads\/2020\/10\/01-casos-gollan.jpg?w=1057&amp;ssl=1 1057w\" sizes=\"auto, (max-width: 800px) 100vw, 800px\" \/><\/p>\n<p>La ca\u00edda es m\u00e1s marcada en el \u00c1rea Metropolitana de Buenos Aires (AMBA), donde el promedio diario de la semana pasada fue de 2.628 casos, frente a los 5.334 registrados en la \u00faltima semana de agosto.<\/p>\n<blockquote><p>En el interior de la Provincia el promedio diario subi\u00f3 a 1.515 casos la semana pasada -lo que implica la triplicaci\u00f3n si se compara con la \u00faltima semana de agosto-, mientras que la cantidad acumulada asciende al 39% del total provincial, progresi\u00f3n que viene en ascenso.<\/p><\/blockquote>\n<p>\u201cNo obstante eso\u201d, explic\u00f3 Gollan, \u201c<strong>estamos notando en los \u00faltimos 15 d\u00edas una ralentizaci\u00f3n del crecimiento de los casos, con estabilizaci\u00f3n en algunas ciudades como Mar del Plata, Bah\u00eda Blanca, San Nicol\u00e1s<\/strong>, donde llegamos a tener un crecimiento muy veloz, con un tiempo de duplicaci\u00f3n que se iba acortando, y ahora eso ha comenzado a estabilizarse\u201d.<\/p>\n<p><img data-recalc-dims=\"1\" loading=\"lazy\" decoding=\"async\" class=\"aligncenter wp-image-4989\" src=\"https:\/\/i0.wp.com\/cdnoticias.com\/wp-content\/uploads\/2020\/10\/02-casos-gollan.jpg?resize=800%2C374&#038;ssl=1\" alt=\"\" width=\"800\" height=\"374\" srcset=\"https:\/\/i0.wp.com\/cdnoticias.com\/wp-content\/uploads\/2020\/10\/02-casos-gollan.jpg?resize=300%2C140&amp;ssl=1 300w, https:\/\/i0.wp.com\/cdnoticias.com\/wp-content\/uploads\/2020\/10\/02-casos-gollan.jpg?resize=768%2C359&amp;ssl=1 768w, https:\/\/i0.wp.com\/cdnoticias.com\/wp-content\/uploads\/2020\/10\/02-casos-gollan.jpg?resize=1024%2C479&amp;ssl=1 1024w, https:\/\/i0.wp.com\/cdnoticias.com\/wp-content\/uploads\/2020\/10\/02-casos-gollan.jpg?w=1067&amp;ssl=1 1067w\" sizes=\"auto, (max-width: 800px) 100vw, 800px\" \/><br \/>\nEn este sentido, el viceministro de Salud, Nicol\u00e1s Kreplac, hab\u00eda se\u00f1alado esa misma tendencia respecto de los distritos se\u00f1alados y apunt\u00f3 a que los indicadores principales de los contagios se detectan actualmente en <a href=\"https:\/\/cdnoticias.com\/index.php\/2020\/10\/26\/coronavirus-el-epicentro-esta-en-azul-tandil-y-olavarria\/\" target=\"_blank\" rel=\"noopener\">Olavarr\u00eda, Tandil y Azul<\/a>.<\/p>\n<p>En lo referido al <strong>nivel de ocupaci\u00f3n de camas<\/strong>, el ministro se\u00f1al\u00f3 que en las unidades de terapia intensiva de adultos en el AMBA llega al 57,6%, con 866 pacientes de Covid-19 internados, sobre un total de 3.035 camas.<\/p>\n<p>En tanto, en el interior alcanz\u00f3 al 44%, con 316 pacientes de Covid-19 internados, sobre un total de 1.262 camas.<\/p>\n","protected":false},"excerpt":{"rendered":"<p>El ministro de Salud provincial, Daniel Goll\u00e1n, expuso la actualidad de la situaci\u00f3n epidemiel\u00f3gica: sigue la baja de contagios en<\/p>\n","protected":false},"author":4,"featured_media":4987,"comment_status":"closed","ping_status":"closed","sticky":false,"template":"","format":"standard","meta":{"_jetpack_memberships_contains_paid_content":false,"footnotes":""},"categories":[5,1],"tags":[],"class_list":["post-4986","post","type-post","status-publish","format-standard","has-post-thumbnail","hentry","category-informacion-general","category-portada"],"jetpack_featured_media_url":"https:\/\/i0.wp.com\/cdnoticias.com\/wp-content\/uploads\/2020\/10\/00-casos-gollan.jpg?fit=1200%2C684&ssl=1","jetpack_sharing_enabled":true,"_links":{"self":[{"href":"https:\/\/cdnoticias.com\/index.php\/wp-json\/wp\/v2\/posts\/4986","targetHints":{"allow":["GET"]}}],"collection":[{"href":"https:\/\/cdnoticias.com\/index.php\/wp-json\/wp\/v2\/posts"}],"about":[{"href":"https:\/\/cdnoticias.com\/index.php\/wp-json\/wp\/v2\/types\/post"}],"author":[{"embeddable":true,"href":"https:\/\/cdnoticias.com\/index.php\/wp-json\/wp\/v2\/users\/4"}],"replies":[{"embeddable":true,"href":"https:\/\/cdnoticias.com\/index.php\/wp-json\/wp\/v2\/comments?post=4986"}],"version-history":[{"count":0,"href":"https:\/\/cdnoticias.com\/index.php\/wp-json\/wp\/v2\/posts\/4986\/revisions"}],"wp:featuredmedia":[{"embeddable":true,"href":"https:\/\/cdnoticias.com\/index.php\/wp-json\/wp\/v2\/media\/4987"}],"wp:attachment":[{"href":"https:\/\/cdnoticias.com\/index.php\/wp-json\/wp\/v2\/media?parent=4986"}],"wp:term":[{"taxonomy":"category","embeddable":true,"href":"https:\/\/cdnoticias.com\/index.php\/wp-json\/wp\/v2\/categories?post=4986"},{"taxonomy":"post_tag","embeddable":true,"href":"https:\/\/cdnoticias.com\/index.php\/wp-json\/wp\/v2\/tags?post=4986"}],"curies":[{"name":"wp","href":"https:\/\/api.w.org\/{rel}","templated":true}]}}