{"id":49849,"date":"2022-03-24T18:23:14","date_gmt":"2022-03-24T21:23:14","guid":{"rendered":"https:\/\/www.centraldenoticias.com.ar\/?p=49849"},"modified":"2022-03-24T18:23:14","modified_gmt":"2022-03-24T21:23:14","slug":"carlos-santiago-siris-q-e-p-d","status":"publish","type":"post","link":"https:\/\/cdnoticias.com\/index.php\/2022\/03\/24\/carlos-santiago-siris-q-e-p-d\/","title":{"rendered":"Carlos Santiago Siris  (Q.E.P.D.)"},"content":{"rendered":"<p>Falleci\u00f3 en Olavarr\u00eda el d\u00eda 24 de Marzo de 2022 a los 84 a\u00f1os de edad.<\/p>\n<p>&nbsp;<\/p>\n<p>Sus hijos: Juan Carlos y Mirta Siris; sus hijos pol\u00edticos: Patricia Harismendy y Esteban Borra; sus nietos: Rodrigo, Micaela, Ludmila y Santiago; sus nietos pol\u00edticos: Gimena, Nicol\u00e1s, Abril y Magal\u00ed; sus bisnietos: Felipe, Helena y dem\u00e1s deudos participan su fallecimiento.<\/p>\n<p>&nbsp;<\/p>\n<p>Sus restos ser\u00e1n velados este viernes desde las 6:30 en la Sala &#8220;A&#8221; de Espa\u00f1a 2942, y ser\u00e1n inhumados desde las 10:30 Cementerio Loma de Paz. Servicio adherido a Coopelectric.<\/p>\n<p>&nbsp;<\/p>\n<p>Barrio en el que viv\u00eda: Sarmiento Norte. Ex vecino de Blanca Grande.<\/p>\n<p>&nbsp;<\/p>\n<p>Lugar de nacimiento: Tapalqu\u00e9<\/p>\n<p>&nbsp;<\/p>\n<p>Actividad que desarrollaba: Jubilado Rural<\/p>\n","protected":false},"excerpt":{"rendered":"<p>Falleci\u00f3 en Olavarr\u00eda el d\u00eda 24 de Marzo de 2022 a los 84 a\u00f1os de edad. &nbsp; Sus hijos: Juan<\/p>\n","protected":false},"author":3,"featured_media":0,"comment_status":"closed","ping_status":"closed","sticky":false,"template":"","format":"standard","meta":{"_jetpack_memberships_contains_paid_content":false,"footnotes":""},"categories":[10],"tags":[],"class_list":["post-49849","post","type-post","status-publish","format-standard","hentry","category-necrologicas"],"jetpack_featured_media_url":"","jetpack_sharing_enabled":true,"_links":{"self":[{"href":"https:\/\/cdnoticias.com\/index.php\/wp-json\/wp\/v2\/posts\/49849","targetHints":{"allow":["GET"]}}],"collection":[{"href":"https:\/\/cdnoticias.com\/index.php\/wp-json\/wp\/v2\/posts"}],"about":[{"href":"https:\/\/cdnoticias.com\/index.php\/wp-json\/wp\/v2\/types\/post"}],"author":[{"embeddable":true,"href":"https:\/\/cdnoticias.com\/index.php\/wp-json\/wp\/v2\/users\/3"}],"replies":[{"embeddable":true,"href":"https:\/\/cdnoticias.com\/index.php\/wp-json\/wp\/v2\/comments?post=49849"}],"version-history":[{"count":0,"href":"https:\/\/cdnoticias.com\/index.php\/wp-json\/wp\/v2\/posts\/49849\/revisions"}],"wp:attachment":[{"href":"https:\/\/cdnoticias.com\/index.php\/wp-json\/wp\/v2\/media?parent=49849"}],"wp:term":[{"taxonomy":"category","embeddable":true,"href":"https:\/\/cdnoticias.com\/index.php\/wp-json\/wp\/v2\/categories?post=49849"},{"taxonomy":"post_tag","embeddable":true,"href":"https:\/\/cdnoticias.com\/index.php\/wp-json\/wp\/v2\/tags?post=49849"}],"curies":[{"name":"wp","href":"https:\/\/api.w.org\/{rel}","templated":true}]}}