{"id":49792,"date":"2022-03-23T18:24:48","date_gmt":"2022-03-23T21:24:48","guid":{"rendered":"https:\/\/www.centraldenoticias.com.ar\/?p=49792"},"modified":"2022-03-23T18:24:48","modified_gmt":"2022-03-23T21:24:48","slug":"alberto-anibal-dirgam-cuchu-q-e-p-d","status":"publish","type":"post","link":"https:\/\/cdnoticias.com\/index.php\/2022\/03\/23\/alberto-anibal-dirgam-cuchu-q-e-p-d\/","title":{"rendered":"Alberto An\u00edbal Dirgam \u201cCuchu\u201d (Q.E.P.D.)"},"content":{"rendered":"<p>Falleci\u00f3 en Olavarr\u00eda el 23 de marzo a los 62 a\u00f1os de edad. Su hija Laura; su yerno Ra\u00fal; su compa\u00f1era de vida Rosa Oliv\u00e1n; sus nietos del coraz\u00f3n Luciano y Mauro; sus hijos del coraz\u00f3n Mar\u00eda Jos\u00e9 y Gustavo; sus hermanos, sobrinos y dem\u00e1s deudos participan su fallecimiento.<\/p>\n<p>&nbsp;<\/p>\n<p>Sus restos son velados en Espa\u00f1a 2942, Sala &#8220;A&#8221; (comienza el jueves 24 de marzo a las 7:30) y ser\u00e1n inhumados en el cementerio Loma de Paz a las 11:30, previo responso en la capilla ardiente. Vecino de barrio Evita. Comerciante.<\/p>\n","protected":false},"excerpt":{"rendered":"<p>Falleci\u00f3 en Olavarr\u00eda el 23 de marzo a los 62 a\u00f1os de edad. Su hija Laura; su yerno Ra\u00fal; su<\/p>\n","protected":false},"author":5,"featured_media":0,"comment_status":"closed","ping_status":"closed","sticky":false,"template":"","format":"standard","meta":{"_jetpack_memberships_contains_paid_content":false,"footnotes":""},"categories":[10],"tags":[],"class_list":["post-49792","post","type-post","status-publish","format-standard","hentry","category-necrologicas"],"jetpack_featured_media_url":"","jetpack_sharing_enabled":true,"_links":{"self":[{"href":"https:\/\/cdnoticias.com\/index.php\/wp-json\/wp\/v2\/posts\/49792","targetHints":{"allow":["GET"]}}],"collection":[{"href":"https:\/\/cdnoticias.com\/index.php\/wp-json\/wp\/v2\/posts"}],"about":[{"href":"https:\/\/cdnoticias.com\/index.php\/wp-json\/wp\/v2\/types\/post"}],"author":[{"embeddable":true,"href":"https:\/\/cdnoticias.com\/index.php\/wp-json\/wp\/v2\/users\/5"}],"replies":[{"embeddable":true,"href":"https:\/\/cdnoticias.com\/index.php\/wp-json\/wp\/v2\/comments?post=49792"}],"version-history":[{"count":0,"href":"https:\/\/cdnoticias.com\/index.php\/wp-json\/wp\/v2\/posts\/49792\/revisions"}],"wp:attachment":[{"href":"https:\/\/cdnoticias.com\/index.php\/wp-json\/wp\/v2\/media?parent=49792"}],"wp:term":[{"taxonomy":"category","embeddable":true,"href":"https:\/\/cdnoticias.com\/index.php\/wp-json\/wp\/v2\/categories?post=49792"},{"taxonomy":"post_tag","embeddable":true,"href":"https:\/\/cdnoticias.com\/index.php\/wp-json\/wp\/v2\/tags?post=49792"}],"curies":[{"name":"wp","href":"https:\/\/api.w.org\/{rel}","templated":true}]}}