{"id":49785,"date":"2022-03-23T19:40:27","date_gmt":"2022-03-23T22:40:27","guid":{"rendered":"https:\/\/www.centraldenoticias.com.ar\/?p=49785"},"modified":"2022-03-23T19:42:27","modified_gmt":"2022-03-23T22:42:27","slug":"lorden-tenemos-la-vocacion-de-gobernar-esta-provincia-a-partir-del-2023","status":"publish","type":"post","link":"https:\/\/cdnoticias.com\/index.php\/2022\/03\/23\/lorden-tenemos-la-vocacion-de-gobernar-esta-provincia-a-partir-del-2023\/","title":{"rendered":"Lord\u00e9n: \u201ctenemos la vocaci\u00f3n de gobernar esta provincia a partir del 2023\u201d"},"content":{"rendered":"<p>Lo asegur\u00f3 la diputada provincial en el marco de la presentaci\u00f3n de la Fundaci\u00f3n Poder Buenos Aires. Lord\u00e9n coordinar\u00e1 este espacio impulsado por el radicalismo.<!--more--><\/p>\n<hr \/>\n<p>Este mi\u00e9rcoles, el radicalismo de la provincia de Buenos Aires present\u00f3 la <strong>Fundaci\u00f3n Poder Buenos Aires<\/strong>, en su sede partidaria de avenida 51 en la Ciudad de La Plata. El acto cont\u00f3 con la presencia de la senadora nacional Carolina Losada, y el diputado nacional Facundo Manes.<\/p>\n<p>&nbsp;<\/p>\n<p>En ese sentido, <strong>la diputada provincial de la UCR en Juntos Alejandra Lord\u00e9n, ser\u00e1 la coordinadora pol\u00edtica de dicho espacio.<\/strong> \u201c\u00bfPor qu\u00e9 desde el radicalismo de la Provincia creemos fundamental la creaci\u00f3n de una Fundaci\u00f3n destinada a fomentar un espacio de debate, de formaci\u00f3n y de generaci\u00f3n de pol\u00edticas p\u00fablicas?\u201d, se pregunt\u00f3 la legisladora.<\/p>\n<p>&nbsp;<\/p>\n<p>Y continu\u00f3:<strong> \u201cporque tenemos la vocaci\u00f3n de Gobernar esta provincia a partir del 2023\u201d.<\/strong><\/p>\n<p>&nbsp;<\/p>\n<p>Adem\u00e1s, asegur\u00f3 que \u201cel gobierno de Axel Kicillof evidencia una descoordinaci\u00f3n que provoca un descomunal atraso en todas las \u00e1reas de gesti\u00f3n. Sobre la pol\u00edtica de disimular los problemas y postergarlos fue construy\u00e9ndose la decadencia que hoy sufrimos en los barrios, escuelas, hospitales, rutas e industrias\u201d.<\/p>\n<p>&nbsp;<\/p>\n<p>Afirm\u00f3 que \u201cel estado de indefensi\u00f3n de la sociedad ante la prepotencia y la improvisaci\u00f3n de quienes hoy gobiernan nos obliga a <strong>prepararnos para ser mejores en el ejercicio de la funci\u00f3n p\u00fablica<\/strong>\u201d.<\/p>\n<p>&nbsp;<\/p>\n<p><img data-recalc-dims=\"1\" loading=\"lazy\" decoding=\"async\" class=\"aligncenter size-full wp-image-49787\" src=\"https:\/\/i0.wp.com\/cdnoticias.com\/wp-content\/uploads\/2022\/03\/Foto-Gacetilla-3.jpeg?resize=800%2C533&#038;ssl=1\" alt=\"\" width=\"800\" height=\"533\" srcset=\"https:\/\/i0.wp.com\/cdnoticias.com\/wp-content\/uploads\/2022\/03\/Foto-Gacetilla-3.jpeg?w=1280&amp;ssl=1 1280w, https:\/\/i0.wp.com\/cdnoticias.com\/wp-content\/uploads\/2022\/03\/Foto-Gacetilla-3.jpeg?resize=300%2C200&amp;ssl=1 300w, https:\/\/i0.wp.com\/cdnoticias.com\/wp-content\/uploads\/2022\/03\/Foto-Gacetilla-3.jpeg?resize=1024%2C682&amp;ssl=1 1024w, https:\/\/i0.wp.com\/cdnoticias.com\/wp-content\/uploads\/2022\/03\/Foto-Gacetilla-3.jpeg?resize=768%2C512&amp;ssl=1 768w, https:\/\/i0.wp.com\/cdnoticias.com\/wp-content\/uploads\/2022\/03\/Foto-Gacetilla-3.jpeg?resize=272%2C182&amp;ssl=1 272w\" sizes=\"auto, (max-width: 800px) 100vw, 800px\" \/><\/p>\n<p>&nbsp;<\/p>\n<p>\u201cPor eso creemos que es momento de institucionalizar la relaci\u00f3n virtuosa que mantenemos con los especialistas, t\u00e9cnicos, y expertos que asesoran a intendentes, legisladores y funcionarios locales en cada \u00e1rea de gesti\u00f3n\u201d, detall\u00f3.<\/p>\n<p>&nbsp;<\/p>\n<p>Como objetivo del espacio, se\u00f1al\u00f3 que \u201cla participaci\u00f3n de la sociedad civil en la formulaci\u00f3n de pol\u00edticas p\u00fablicas es fundamental desde el comienzo;<strong> cuando lleguemos al gobierno no vamos a empezar a escribir un cuaderno en blanco.<\/strong> A la Provincia que queremos -y que todo el pa\u00eds necesita- vamos a darle forma entre todos\u201d.<\/p>\n<p>&nbsp;<\/p>\n<p>Adem\u00e1s, record\u00f3 que la puesta en marcha de la fundaci\u00f3n \u201cse enmarca dentro de la estrategia trazada a mediados\/fines del 2020, y que <strong>nos permitiera potenciar nuevamente la vocaci\u00f3n de poder que nos es innata, por ser el partido pol\u00edtico m\u00e1s relevante de la historia argentina<\/strong>\u201d.<\/p>\n<p>&nbsp;<\/p>\n<p>Por \u00faltimo, indic\u00f3 que \u201cdesde la responsabilidad que nos cabe como oposici\u00f3n discutiremos una agenda legislativa de impacto con legisladores y sus respectivos asesores en cada tem\u00e1tica, para proponerla este mismo a\u00f1o y el pr\u00f3ximo\u201d.<\/p>\n<p>&nbsp;<\/p>\n","protected":false},"excerpt":{"rendered":"<p>Lo asegur\u00f3 la diputada provincial en el marco de la presentaci\u00f3n de la Fundaci\u00f3n Poder Buenos Aires. Lord\u00e9n coordinar\u00e1 este<\/p>\n","protected":false},"author":5,"featured_media":49788,"comment_status":"closed","ping_status":"closed","sticky":false,"template":"","format":"standard","meta":{"_jetpack_memberships_contains_paid_content":false,"footnotes":""},"categories":[6,1],"tags":[],"class_list":["post-49785","post","type-post","status-publish","format-standard","has-post-thumbnail","hentry","category-nacionales","category-portada"],"jetpack_featured_media_url":"https:\/\/i0.wp.com\/cdnoticias.com\/wp-content\/uploads\/2022\/03\/Foto-Gacetilla-1.jpeg?fit=1024%2C683&ssl=1","jetpack_sharing_enabled":true,"_links":{"self":[{"href":"https:\/\/cdnoticias.com\/index.php\/wp-json\/wp\/v2\/posts\/49785","targetHints":{"allow":["GET"]}}],"collection":[{"href":"https:\/\/cdnoticias.com\/index.php\/wp-json\/wp\/v2\/posts"}],"about":[{"href":"https:\/\/cdnoticias.com\/index.php\/wp-json\/wp\/v2\/types\/post"}],"author":[{"embeddable":true,"href":"https:\/\/cdnoticias.com\/index.php\/wp-json\/wp\/v2\/users\/5"}],"replies":[{"embeddable":true,"href":"https:\/\/cdnoticias.com\/index.php\/wp-json\/wp\/v2\/comments?post=49785"}],"version-history":[{"count":0,"href":"https:\/\/cdnoticias.com\/index.php\/wp-json\/wp\/v2\/posts\/49785\/revisions"}],"wp:featuredmedia":[{"embeddable":true,"href":"https:\/\/cdnoticias.com\/index.php\/wp-json\/wp\/v2\/media\/49788"}],"wp:attachment":[{"href":"https:\/\/cdnoticias.com\/index.php\/wp-json\/wp\/v2\/media?parent=49785"}],"wp:term":[{"taxonomy":"category","embeddable":true,"href":"https:\/\/cdnoticias.com\/index.php\/wp-json\/wp\/v2\/categories?post=49785"},{"taxonomy":"post_tag","embeddable":true,"href":"https:\/\/cdnoticias.com\/index.php\/wp-json\/wp\/v2\/tags?post=49785"}],"curies":[{"name":"wp","href":"https:\/\/api.w.org\/{rel}","templated":true}]}}