{"id":49780,"date":"2022-03-23T18:12:32","date_gmt":"2022-03-23T21:12:32","guid":{"rendered":"https:\/\/www.centraldenoticias.com.ar\/?p=49780"},"modified":"2022-03-24T09:13:44","modified_gmt":"2022-03-24T12:13:44","slug":"alertas-meteorologicos-no-es-lo-mismo-que-un-ciclon-tropical","status":"publish","type":"post","link":"https:\/\/cdnoticias.com\/index.php\/2022\/03\/23\/alertas-meteorologicos-no-es-lo-mismo-que-un-ciclon-tropical\/","title":{"rendered":"Alertas meteorol\u00f3gicos: \u201cNo es lo mismo que un cicl\u00f3n tropical\u201d"},"content":{"rendered":"<p>De esa manera se expres\u00f3 el titular de Defensa Civil ante los fen\u00f3menos meteorol\u00f3gicos previstos para las pr\u00f3ximas horas. Pron\u00f3stico, precauciones y m\u00e1s.<!--more--><\/p>\n<hr \/>\n<p><strong>Olavarr\u00eda se encuentra actualmente en la zona de influencia de tres alertas meteorol\u00f3gicos -todos de nivel amarillo-, por tormentas, lluvias y viento<\/strong>, los cuales ya se encuentran vigencia y regir\u00e1n hasta la jornada del viernes inclusive. Fue por ellos que en las \u00faltimas horas comenz\u00f3 a mencionarse cada vez m\u00e1s la <strong>palabra cicl\u00f3n<\/strong>, algo que enfatizado desde medios nacionales, principalmente por los pron\u00f3sticos para la Capital Federal, pero que impone la realizaci\u00f3n de diversas aclaraciones y explicaciones.<\/p>\n<p>&nbsp;<\/p>\n<p>Fue por ello que desde <em><strong>Central de Noticias<\/strong><\/em> nos pusimos en contacto con el titular de Defensa Civil, Adri\u00e1n Guevara, quien como primer punto realiz\u00f3 una distinci\u00f3n en lo que significa un cicl\u00f3n en estas latitudes, a diferencia de lo que sucede en otros puntos del planeta. <strong>\u201cNo es lo mismo\u201d, enfatiz\u00f3.<\/strong><\/p>\n<p>&nbsp;<\/p>\n<blockquote class=\"instagram-media\" style=\"background: #FFF; border: 0; border-radius: 3px; box-shadow: 0 0 1px 0 rgba(0,0,0,0.5),0 1px 10px 0 rgba(0,0,0,0.15); margin: 1px; max-width: 540px; min-width: 326px; padding: 0; width: calc(100% - 2px);\" data-instgrm-captioned=\"\" data-instgrm-permalink=\"https:\/\/www.instagram.com\/reel\/CbdIGQbj-4a\/?utm_source=ig_embed&amp;utm_campaign=loading\" data-instgrm-version=\"14\">\n<div style=\"padding: 16px;\">\n<p>&nbsp;<\/p>\n<div style=\"display: flex; flex-direction: row; align-items: center;\">\n<div style=\"background-color: #f4f4f4; border-radius: 50%; flex-grow: 0; height: 40px; margin-right: 14px; width: 40px;\"><\/div>\n<div style=\"display: flex; flex-direction: column; flex-grow: 1; justify-content: center;\">\n<div style=\"background-color: #f4f4f4; border-radius: 4px; flex-grow: 0; height: 14px; margin-bottom: 6px; width: 100px;\"><\/div>\n<div style=\"background-color: #f4f4f4; border-radius: 4px; flex-grow: 0; height: 14px; width: 60px;\"><\/div>\n<\/div>\n<\/div>\n<div style=\"padding: 19% 0;\"><\/div>\n<div style=\"display: block; height: 50px; margin: 0 auto 12px; width: 50px;\"><\/div>\n<div style=\"padding-top: 8px;\">\n<div style=\"color: #3897f0; font-family: Arial,sans-serif; font-size: 14px; font-style: normal; font-weight: 550; line-height: 18px;\">Ver esta publicaci\u00f3n en Instagram<\/div>\n<\/div>\n<div style=\"padding: 12.5% 0;\"><\/div>\n<div style=\"display: flex; flex-direction: row; margin-bottom: 14px; align-items: center;\">\n<div>\n<div style=\"background-color: #f4f4f4; border-radius: 50%; height: 12.5px; width: 12.5px; transform: translateX(0px) translateY(7px);\"><\/div>\n<div style=\"background-color: #f4f4f4; height: 12.5px; transform: rotate(-45deg) translateX(3px) translateY(1px); width: 12.5px; flex-grow: 0; margin-right: 14px; margin-left: 2px;\"><\/div>\n<div style=\"background-color: #f4f4f4; border-radius: 50%; height: 12.5px; width: 12.5px; transform: translateX(9px) translateY(-18px);\"><\/div>\n<\/div>\n<div style=\"margin-left: 8px;\">\n<div style=\"background-color: #f4f4f4; border-radius: 50%; flex-grow: 0; height: 20px; width: 20px;\"><\/div>\n<div style=\"width: 0; height: 0; border-top: 2px solid transparent; border-left: 6px solid #f4f4f4; border-bottom: 2px solid transparent; transform: translateX(16px) translateY(-4px) rotate(30deg);\"><\/div>\n<\/div>\n<div style=\"margin-left: auto;\">\n<div style=\"width: 0px; border-top: 8px solid #F4F4F4; border-right: 8px solid transparent; transform: translateY(16px);\"><\/div>\n<div style=\"background-color: #f4f4f4; flex-grow: 0; height: 12px; width: 16px; transform: translateY(-4px);\"><\/div>\n<div style=\"width: 0; height: 0; border-top: 8px solid #F4F4F4; border-left: 8px solid transparent; transform: translateY(-4px) translateX(8px);\"><\/div>\n<\/div>\n<\/div>\n<div style=\"display: flex; flex-direction: column; flex-grow: 1; justify-content: center; margin-bottom: 24px;\">\n<div style=\"background-color: #f4f4f4; border-radius: 4px; flex-grow: 0; height: 14px; margin-bottom: 6px; width: 224px;\"><\/div>\n<div style=\"background-color: #f4f4f4; border-radius: 4px; flex-grow: 0; height: 14px; width: 144px;\"><\/div>\n<\/div>\n<p>&nbsp;<\/p>\n<p style=\"color: #c9c8cd; font-family: Arial,sans-serif; font-size: 14px; line-height: 17px; margin-bottom: 0; margin-top: 8px; overflow: hidden; padding: 8px 0 7px; text-align: center; text-overflow: ellipsis; white-space: nowrap;\"><a style=\"color: #c9c8cd; font-family: Arial,sans-serif; font-size: 14px; font-style: normal; font-weight: normal; line-height: 17px; text-decoration: none;\" href=\"https:\/\/www.instagram.com\/reel\/CbdIGQbj-4a\/?utm_source=ig_embed&amp;utm_campaign=loading\" target=\"_blank\" rel=\"noopener\">Una publicaci\u00f3n compartida de Jos\u00e9 Bianco &#8211; StormChaser (@josebiancook)<\/a><\/p>\n<\/div>\n<\/blockquote>\n<p><script async src=\"\/\/www.instagram.com\/embed.js\"><\/script><\/p>\n<p>&nbsp;<\/p>\n<p>En ese sentido, comparti\u00f3 una explicaci\u00f3n que da cuenta que \u201cun sistema de baja presi\u00f3n, o baja presi\u00f3n o cicl\u00f3n extratopical es una zona de bajas presiones que <strong>suele formarse habitualmente en nuestra regi\u00f3n y que en ocasiones est\u00e1 acompa\u00f1ado de lluvias de variada intensidad, tormentas y vientos, que suelen ser m\u00e1s intensos en las cercan\u00edas al centro de la misma. No es lo mismo que un cicl\u00f3n tropical, un hurac\u00e1n o un tif\u00f3n, los cuales se forman en zonas tropicales y tienen una intensidad mucho mayor\u201d.<\/strong><\/p>\n<p>&nbsp;<\/p>\n<p>No obstante, no menos cierto es la vigencia de los alertas aludidos previamente. Este fen\u00f3meno comenzar\u00e1 a darse desde esta tarde y se prolongar\u00e1 hasta el viernes. <strong>\u201cSi bien no es un evento inusual, requiere atenci\u00f3n porque tiene asociados fen\u00f3menos de tiempo fuerte y severo\u201d fue lo que se aclar\u00f3 desde el Servicio Meteorol\u00f3gico Nacional a organismos provinciales.<\/strong><\/p>\n<p>&nbsp;<\/p>\n<div class=\"jetpack-video-wrapper\"><iframe loading=\"lazy\" title=\"El pron\u00f3stico de las pr\u00f3ximas horas para Olavarr\u00eda\" width=\"800\" height=\"450\" src=\"https:\/\/www.youtube.com\/embed\/B8wWMFR9i70?feature=oembed\" frameborder=\"0\" allow=\"accelerometer; autoplay; clipboard-write; encrypted-media; gyroscope; picture-in-picture\" allowfullscreen><\/iframe><\/div>\n<p>&nbsp;<\/p>\n<p>Ser\u00e1 el centro, sur y sudoeste provincial el que se ver\u00e1 afectado principalmente por los<strong> fuertes vientos<\/strong>, con r\u00e1fagas estimadas de hasta 80 km\/h, lo cual en<strong> Olavarr\u00eda y la regi\u00f3n se dar\u00eda durante toda la jornada del jueves seg\u00fan la actualizaci\u00f3n emitida en la tarde de este mi\u00e9rcoles.<\/strong><\/p>\n<p>&nbsp;<\/p>\n<p><strong>En cuanto a lluvias, alerta que ya rige, las peores previsiones son para el sur bonaerens<\/strong>e, con estimaciones de precipitaciones acumuladas de hasta 100 mil\u00edmetros. Para Olavarr\u00eda las previsiones son de entre 40 y 70 mm.<\/p>\n<p>&nbsp;<\/p>\n<p><em><strong>Recomendaciones<\/strong><\/em><\/p>\n<p>&nbsp;<\/p>\n<p>El di\u00e1logo con Adri\u00e1n Guevara permiti\u00f3 avanzar tambi\u00e9n sobre recomendaciones y<strong> la importancia del rol de la comunidad para no agravar las consecuencias de los temporales<\/strong>, tal como sucedi\u00f3 semanas atr\u00e1s con las abundantes lluvias que azotaron la ciudad.<\/p>\n<p>&nbsp;<\/p>\n<p>Es por ello que una de las primeras recomendaciones es <strong>ver el estado de bocacalles y no sacar la basura, para lograr que el agua escurra correctamente<\/strong>. Recientemente fueron numerosas las calles anegadas y, m\u00e1s a\u00fan, los inconvenientes suscitados a partir de la circulaci\u00f3n de autom\u00f3viles por esos sitios, generando un oleaje que llev\u00f3 el agua al interior de los domicilios.<\/p>\n<p>&nbsp;<\/p>\n<p><strong>Evitar actividades al aire libre, no refugiarse en sectores de \u00e1rboles o en las cercan\u00edas de postes de electricidad<\/strong> son otras cuestiones a tener en cuenta.<\/p>\n","protected":false},"excerpt":{"rendered":"<p>De esa manera se expres\u00f3 el titular de Defensa Civil ante los fen\u00f3menos meteorol\u00f3gicos previstos para las pr\u00f3ximas horas. Pron\u00f3stico,<\/p>\n","protected":false},"author":3,"featured_media":49790,"comment_status":"closed","ping_status":"closed","sticky":false,"template":"","format":"standard","meta":{"_jetpack_memberships_contains_paid_content":false,"footnotes":""},"categories":[5,1],"tags":[],"class_list":["post-49780","post","type-post","status-publish","format-standard","has-post-thumbnail","hentry","category-informacion-general","category-portada"],"jetpack_featured_media_url":"https:\/\/i0.wp.com\/cdnoticias.com\/wp-content\/uploads\/2022\/03\/FOkD3zyWUAImptd.jpg?fit=2081%2C1169&ssl=1","jetpack_sharing_enabled":true,"_links":{"self":[{"href":"https:\/\/cdnoticias.com\/index.php\/wp-json\/wp\/v2\/posts\/49780","targetHints":{"allow":["GET"]}}],"collection":[{"href":"https:\/\/cdnoticias.com\/index.php\/wp-json\/wp\/v2\/posts"}],"about":[{"href":"https:\/\/cdnoticias.com\/index.php\/wp-json\/wp\/v2\/types\/post"}],"author":[{"embeddable":true,"href":"https:\/\/cdnoticias.com\/index.php\/wp-json\/wp\/v2\/users\/3"}],"replies":[{"embeddable":true,"href":"https:\/\/cdnoticias.com\/index.php\/wp-json\/wp\/v2\/comments?post=49780"}],"version-history":[{"count":0,"href":"https:\/\/cdnoticias.com\/index.php\/wp-json\/wp\/v2\/posts\/49780\/revisions"}],"wp:featuredmedia":[{"embeddable":true,"href":"https:\/\/cdnoticias.com\/index.php\/wp-json\/wp\/v2\/media\/49790"}],"wp:attachment":[{"href":"https:\/\/cdnoticias.com\/index.php\/wp-json\/wp\/v2\/media?parent=49780"}],"wp:term":[{"taxonomy":"category","embeddable":true,"href":"https:\/\/cdnoticias.com\/index.php\/wp-json\/wp\/v2\/categories?post=49780"},{"taxonomy":"post_tag","embeddable":true,"href":"https:\/\/cdnoticias.com\/index.php\/wp-json\/wp\/v2\/tags?post=49780"}],"curies":[{"name":"wp","href":"https:\/\/api.w.org\/{rel}","templated":true}]}}