{"id":49763,"date":"2022-03-23T17:10:25","date_gmt":"2022-03-23T20:10:25","guid":{"rendered":"https:\/\/www.centraldenoticias.com.ar\/?p=49763"},"modified":"2022-03-23T17:10:25","modified_gmt":"2022-03-23T20:10:25","slug":"bomberos-firmo-un-convenio-de-pasantias-con-la-facultad-de-ciencias-sociales","status":"publish","type":"post","link":"https:\/\/cdnoticias.com\/index.php\/2022\/03\/23\/bomberos-firmo-un-convenio-de-pasantias-con-la-facultad-de-ciencias-sociales\/","title":{"rendered":"Bomberos firm\u00f3 un convenio de pasant\u00edas con la Facultad de Ciencias Sociales"},"content":{"rendered":"<p>\u201cPara nosotros es una alegr\u00eda enorme\u201d enfatiz\u00f3 Hugo Fayanas, presidente de la Asociaci\u00f3n de Bomberos Voluntarios local.<!--more--><\/p>\n<hr \/>\n<p>En la jornada del \u00faltimo martes la <strong>Asociaci\u00f3n de Bomberos Voluntarios de Olavarr\u00eda firmo un Convenio Marco de Pasant\u00edas con la Facultad de Ciencias Sociales de la Universidad Nacional del Centro de la Provincia de Buenos Aires.<\/strong><\/p>\n<p>&nbsp;<\/p>\n<p>En el acto se hicieron presentes el presidente de la instituci\u00f3n bomberil Hugo Fayan\u00e1s, acompa\u00f1ado por el vicepresidente Jos\u00e9 Luis Veyrand y el consejero Enrique Zelaya. Por parte de la Universidad lo hicieron la decana, Licenciada Gabriela Gamberini, y el secretario de extensi\u00f3n, bienestar y transferencia, Licenciado Nicol\u00e1s Casado.<\/p>\n<p>&nbsp;<\/p>\n<p><img data-recalc-dims=\"1\" loading=\"lazy\" decoding=\"async\" class=\"alignnone size-large wp-image-4752\" src=\"https:\/\/i0.wp.com\/cdnoticias.com\/wp-content\/uploads\/2020\/10\/bomberosvoluntarios01.jpg?resize=800%2C534&#038;ssl=1\" alt=\"\" width=\"800\" height=\"534\" srcset=\"https:\/\/i0.wp.com\/cdnoticias.com\/wp-content\/uploads\/2020\/10\/bomberosvoluntarios01.jpg?resize=1024%2C683&amp;ssl=1 1024w, https:\/\/i0.wp.com\/cdnoticias.com\/wp-content\/uploads\/2020\/10\/bomberosvoluntarios01.jpg?resize=300%2C200&amp;ssl=1 300w, https:\/\/i0.wp.com\/cdnoticias.com\/wp-content\/uploads\/2020\/10\/bomberosvoluntarios01.jpg?resize=768%2C512&amp;ssl=1 768w, https:\/\/i0.wp.com\/cdnoticias.com\/wp-content\/uploads\/2020\/10\/bomberosvoluntarios01.jpg?resize=272%2C182&amp;ssl=1 272w, https:\/\/i0.wp.com\/cdnoticias.com\/wp-content\/uploads\/2020\/10\/bomberosvoluntarios01.jpg?w=1600&amp;ssl=1 1600w, https:\/\/i0.wp.com\/cdnoticias.com\/wp-content\/uploads\/2020\/10\/bomberosvoluntarios01.jpg?w=2400&amp;ssl=1 2400w\" sizes=\"auto, (max-width: 800px) 100vw, 800px\" \/><\/p>\n<p>&nbsp;<\/p>\n<p>El convenio, que fue firmado por Gabriela Gamberini y Hugo Fayan\u00e1s, destaca que los estudiantes pueden adquirir una experiencia laboral como complemento de la formaci\u00f3n acad\u00e9mica. <strong>Las pasant\u00edas permiten a los alumnos tomar contacto con el \u00e1mbito en que se desenvuelven, las empresas u organismos e integrarse a un equipo de trabajo, contribuyendo a la transici\u00f3n entre la etapa educativa y la laboral buscando el afianzamiento de la propia identidad y personalidad<\/strong>. En este sentido la empresa u organismo designar\u00e1 a un tutor con experiencia laboral espec\u00edfica y capacidad para planificar y evaluar propuestas formativas.<\/p>\n<p>&nbsp;<\/p>\n<p><strong>&#8220;Para nosotros es una alegr\u00eda enorme poder firmar este Convenio de Pasant\u00edas con la universidad<\/strong>, qui\u00e9n nos han brindado un excelente apoyo para que realicemos toda la documentaci\u00f3n necesaria. Bomberos est\u00e1 formando un equipo de prensa y era muy necesario poder dar este paso. <strong>Vamos a seguir trabajando en este camino para que el ciudadano olavarriense y la zona, se informe de todo lo institucional que estamos llevando adelant<\/strong>e\u201d, indic\u00f3 Hugo Fayan\u00e1s.<\/p>\n","protected":false},"excerpt":{"rendered":"<p>\u201cPara nosotros es una alegr\u00eda enorme\u201d enfatiz\u00f3 Hugo Fayanas, presidente de la Asociaci\u00f3n de Bomberos Voluntarios local.<\/p>\n","protected":false},"author":3,"featured_media":49765,"comment_status":"closed","ping_status":"closed","sticky":false,"template":"","format":"standard","meta":{"_jetpack_memberships_contains_paid_content":false,"footnotes":""},"categories":[5],"tags":[],"class_list":["post-49763","post","type-post","status-publish","format-standard","has-post-thumbnail","hentry","category-informacion-general"],"jetpack_featured_media_url":"https:\/\/i0.wp.com\/cdnoticias.com\/wp-content\/uploads\/2022\/03\/Bomberos-Voluntarios-de-Olavarria-firmo-un-Convenio-Marco-con-la-UNICEN-002.jpg?fit=850%2C478&ssl=1","jetpack_sharing_enabled":true,"_links":{"self":[{"href":"https:\/\/cdnoticias.com\/index.php\/wp-json\/wp\/v2\/posts\/49763","targetHints":{"allow":["GET"]}}],"collection":[{"href":"https:\/\/cdnoticias.com\/index.php\/wp-json\/wp\/v2\/posts"}],"about":[{"href":"https:\/\/cdnoticias.com\/index.php\/wp-json\/wp\/v2\/types\/post"}],"author":[{"embeddable":true,"href":"https:\/\/cdnoticias.com\/index.php\/wp-json\/wp\/v2\/users\/3"}],"replies":[{"embeddable":true,"href":"https:\/\/cdnoticias.com\/index.php\/wp-json\/wp\/v2\/comments?post=49763"}],"version-history":[{"count":0,"href":"https:\/\/cdnoticias.com\/index.php\/wp-json\/wp\/v2\/posts\/49763\/revisions"}],"wp:featuredmedia":[{"embeddable":true,"href":"https:\/\/cdnoticias.com\/index.php\/wp-json\/wp\/v2\/media\/49765"}],"wp:attachment":[{"href":"https:\/\/cdnoticias.com\/index.php\/wp-json\/wp\/v2\/media?parent=49763"}],"wp:term":[{"taxonomy":"category","embeddable":true,"href":"https:\/\/cdnoticias.com\/index.php\/wp-json\/wp\/v2\/categories?post=49763"},{"taxonomy":"post_tag","embeddable":true,"href":"https:\/\/cdnoticias.com\/index.php\/wp-json\/wp\/v2\/tags?post=49763"}],"curies":[{"name":"wp","href":"https:\/\/api.w.org\/{rel}","templated":true}]}}