{"id":49760,"date":"2022-03-23T16:05:09","date_gmt":"2022-03-23T19:05:09","guid":{"rendered":"https:\/\/www.centraldenoticias.com.ar\/?p=49760"},"modified":"2022-03-23T18:26:55","modified_gmt":"2022-03-23T21:26:55","slug":"por-los-alertas-meteorologicos-cancelan-la-sesion-especial-del-hcd-en-monte-peloni","status":"publish","type":"post","link":"https:\/\/cdnoticias.com\/index.php\/2022\/03\/23\/por-los-alertas-meteorologicos-cancelan-la-sesion-especial-del-hcd-en-monte-peloni\/","title":{"rendered":"Por los alertas meteorol\u00f3gicos cancelan la sesi\u00f3n especial del HCD en Monte Peloni"},"content":{"rendered":"<p>En cambio, se llevar\u00e1 a cabo en la Sociedad Espa\u00f1ola. Un informe emitido desde Defensa Civil fue clave para cambiar la sede.<!--more--><\/p>\n<hr \/>\n<p>En la ma\u00f1ana de este mi\u00e9rcoles se llev\u00f3 una reuni\u00f3n de la comisi\u00f3n de Labor Parlamentaria del Concejo Deliberante, en la que el tema a tratar fue la<strong> sesi\u00f3n especial a realizarse este jueves en Monte Peloni con motivo del \u201cD\u00eda de la Memoria por la Verdad y la Justicia\u201d.<\/strong><\/p>\n<p>&nbsp;<\/p>\n<blockquote><p>La reuni\u00f3n fue encabezada por la presidenta del cuerpo, Cecilia Krivochen, Secretaria Legislativa, Margarita Arregui y los presidentes de los distintos bloques.<\/p><\/blockquote>\n<p>&nbsp;<\/p>\n<p>Se detall\u00f3 que que la presidente del Concejo Deliberante puso a consideraci\u00f3n de los ediles<strong> un informe presentado por el Director de Defensa Civil Municipal, Adri\u00e1n Guevara, en el que se informaron las condiciones clim\u00e1ticas para los d\u00edas 23 y 24 del corriente<\/strong>. De acuerdo con los pron\u00f3sticos suministrados, rigen tres alertas por: tormenta, lluvia y viento.<\/p>\n<p>&nbsp;<\/p>\n<p>Desde el \u00e1rea de Defensa Civil se indic\u00f3 <strong>\u201clos fen\u00f3menos hidrometeorol\u00f3gicos pueden generar riesgos hacia las personas, bienes y medio ambiente\u201d,<\/strong> por lo que se realizaron una serie de recomendaciones a tener en cuenta.<\/p>\n<p>&nbsp;<\/p>\n<blockquote><p>La Sesi\u00f3n Especial ser\u00e1 transmitida en vivo por el canal de Youtube del HCD.<\/p><\/blockquote>\n<p>&nbsp;<\/p>\n<p>Tras ese informe los presidentes y presidentas de los distintos bloques analizaron que <strong>las condiciones meteorol\u00f3gicas previstas no garantizan la seguridad para la realizaci\u00f3n de la Sesi\u00f3n Especial en el Monte Peloni, por lo que se acord\u00f3 que todo se traslade a la Sociedad Espa\u00f1ola, este jueves 24 de marzo desde las 10.<\/strong><\/p>\n<p>&nbsp;<\/p>\n<p>En la sesi\u00f3n se pondr\u00e1n a consideraci\u00f3n los expedientes 046\/22, 047\/22, 048\/22 todos presentados por Carmelo Vinci, entre los que se destacan la <strong>Declaraci\u00f3n de Inter\u00e9s Municipal el Juicio de Lesa Humanidad \u201cLa Huerta de Tandil\u201d<\/strong>. Adem\u00e1s, por pedido de la presidenta del bloque Frente de Todos, Mercedes Landivar Valerio se incluy\u00f3 en el Orden del D\u00eda el Expediente 060\/22 que propone modificaciones a la Ordenanza 4077\/17.<\/p>\n","protected":false},"excerpt":{"rendered":"<p>En cambio, se llevar\u00e1 a cabo en la Sociedad Espa\u00f1ola. Un informe emitido desde Defensa Civil fue clave para cambiar<\/p>\n","protected":false},"author":3,"featured_media":49761,"comment_status":"closed","ping_status":"closed","sticky":false,"template":"","format":"standard","meta":{"_jetpack_memberships_contains_paid_content":false,"footnotes":""},"categories":[4,1],"tags":[],"class_list":["post-49760","post","type-post","status-publish","format-standard","has-post-thumbnail","hentry","category-politica","category-portada"],"jetpack_featured_media_url":"https:\/\/i0.wp.com\/cdnoticias.com\/wp-content\/uploads\/2022\/03\/LaborParlamentaria-1.jpg?fit=1000%2C552&ssl=1","jetpack_sharing_enabled":true,"_links":{"self":[{"href":"https:\/\/cdnoticias.com\/index.php\/wp-json\/wp\/v2\/posts\/49760","targetHints":{"allow":["GET"]}}],"collection":[{"href":"https:\/\/cdnoticias.com\/index.php\/wp-json\/wp\/v2\/posts"}],"about":[{"href":"https:\/\/cdnoticias.com\/index.php\/wp-json\/wp\/v2\/types\/post"}],"author":[{"embeddable":true,"href":"https:\/\/cdnoticias.com\/index.php\/wp-json\/wp\/v2\/users\/3"}],"replies":[{"embeddable":true,"href":"https:\/\/cdnoticias.com\/index.php\/wp-json\/wp\/v2\/comments?post=49760"}],"version-history":[{"count":0,"href":"https:\/\/cdnoticias.com\/index.php\/wp-json\/wp\/v2\/posts\/49760\/revisions"}],"wp:featuredmedia":[{"embeddable":true,"href":"https:\/\/cdnoticias.com\/index.php\/wp-json\/wp\/v2\/media\/49761"}],"wp:attachment":[{"href":"https:\/\/cdnoticias.com\/index.php\/wp-json\/wp\/v2\/media?parent=49760"}],"wp:term":[{"taxonomy":"category","embeddable":true,"href":"https:\/\/cdnoticias.com\/index.php\/wp-json\/wp\/v2\/categories?post=49760"},{"taxonomy":"post_tag","embeddable":true,"href":"https:\/\/cdnoticias.com\/index.php\/wp-json\/wp\/v2\/tags?post=49760"}],"curies":[{"name":"wp","href":"https:\/\/api.w.org\/{rel}","templated":true}]}}