{"id":49749,"date":"2022-03-23T13:58:44","date_gmt":"2022-03-23T16:58:44","guid":{"rendered":"https:\/\/www.centraldenoticias.com.ar\/?p=49749"},"modified":"2022-03-23T13:58:44","modified_gmt":"2022-03-23T16:58:44","slug":"mas-alla-de-las-diferencias-lo-que-nos-tiene-que-encontrar-es-el-trabajo-conjunto","status":"publish","type":"post","link":"https:\/\/cdnoticias.com\/index.php\/2022\/03\/23\/mas-alla-de-las-diferencias-lo-que-nos-tiene-que-encontrar-es-el-trabajo-conjunto\/","title":{"rendered":"\u201cM\u00e1s all\u00e1 de las diferencias, lo que nos tiene que encontrar es el trabajo conjunto\u201d"},"content":{"rendered":"<p>El ministro de Transporte Jorge D\u2019Onofrio resalt\u00f3 en conferencia de prensa la importancia de entregar pases multimodales y el trabajo de la flamante cartera provincial. <!--more--><\/p>\n<hr \/>\n<p>Luego de una reuni\u00f3n en la que <a href=\"https:\/\/cdnoticias.com\/index.php\/2022\/03\/23\/el-ministro-de-transporte-jorge-donofrio-ya-esta-en-olavarria\/\" target=\"_blank\" rel=\"noopener\">el ministro de Transporte de la Provincia Jorge D\u2019Onofrio mantuvo con dirigentes, concejales y funcionarios del Frente de Todos<\/a>, se dirigi\u00f3 a la Municipalidad y<strong> junto al intendente Galli entregaron cerca de 500 pases multimodal para personas con discapacidad.<\/strong><\/p>\n<p>&nbsp;<\/p>\n<p>En primer lugar, <strong>mantuvieron un encuentro en el despacho comunal y seguidamente en la Sala de Reuniones<\/strong> del Palacio San Mart\u00edn, que cont\u00f3 con la presencia de funcionarios municipales, concejales y referentes del sector.<\/p>\n<p>&nbsp;<\/p>\n<p>Se encontraban presentes el secretario de Gobierno Hilario Galli, el subsecretario de Seguridad Mario Busto, el subsecretario de Miner\u00eda de la Provincia Federico Aguilera, el director provincial de Transporte de Cargas Miguel Betilli, el dirigente Eduardo Rodr\u00edguez y el titular de delegaci\u00f3n local del Comisi\u00f3n Nacional de Regulaci\u00f3n del Transporte Sergio Feoli.<\/p>\n<p>&nbsp;<\/p>\n<p>Tras el encuentro, posteriormente se llev\u00f3 a cabo una conferencia de prensa \u2013en el Sal\u00f3n Blanco- donde <strong>se concret\u00f3 la entrega simb\u00f3lica de Pases Libres Mulltimodales.<\/strong><\/p>\n<p>&nbsp;<\/p>\n<p>La conferencia fue encabezada por el intendente Ezequiel Galli y el ministro de Transporte Jorge D\u2019Onofrio.<\/p>\n<p>&nbsp;<\/p>\n<p>El intendente Ezequiel Galli dio la bienvenida al titular de la cartera provincial de transporte.<em> \u201cNos reunimos hoy ac\u00e1 para hablar sobre temas que tienen q ver tanto con el transporte de carga como de pasajeros del distrito\u201d.<strong>\u00a0\u201cEl objetivo es articular cuestiones de trabajo conjunto. Hemos avanzado en algunos temas y, en este caso, nos ocupa la entrega de pases multimodales de transporte para Personas con Discapacidad\u201d,<\/strong><\/em> indic\u00f3 Galli.<\/p>\n<p>&nbsp;<\/p>\n<p><img data-recalc-dims=\"1\" loading=\"lazy\" decoding=\"async\" class=\"alignnone size-large wp-image-49750\" src=\"https:\/\/i0.wp.com\/cdnoticias.com\/wp-content\/uploads\/2022\/03\/Transporte-Reunion-Galli-D%C2%B4nofrio-3-scaled-1-1024x684.jpg?resize=800%2C534&#038;ssl=1\" alt=\"\" width=\"800\" height=\"534\" srcset=\"https:\/\/i0.wp.com\/cdnoticias.com\/wp-content\/uploads\/2022\/03\/Transporte-Reunion-Galli-D%C2%B4nofrio-3-scaled-1.jpg?resize=1024%2C684&amp;ssl=1 1024w, https:\/\/i0.wp.com\/cdnoticias.com\/wp-content\/uploads\/2022\/03\/Transporte-Reunion-Galli-D%C2%B4nofrio-3-scaled-1.jpg?resize=300%2C201&amp;ssl=1 300w, https:\/\/i0.wp.com\/cdnoticias.com\/wp-content\/uploads\/2022\/03\/Transporte-Reunion-Galli-D%C2%B4nofrio-3-scaled-1.jpg?resize=768%2C513&amp;ssl=1 768w, https:\/\/i0.wp.com\/cdnoticias.com\/wp-content\/uploads\/2022\/03\/Transporte-Reunion-Galli-D%C2%B4nofrio-3-scaled-1.jpg?resize=1536%2C1027&amp;ssl=1 1536w, https:\/\/i0.wp.com\/cdnoticias.com\/wp-content\/uploads\/2022\/03\/Transporte-Reunion-Galli-D%C2%B4nofrio-3-scaled-1.jpg?resize=2048%2C1369&amp;ssl=1 2048w, https:\/\/i0.wp.com\/cdnoticias.com\/wp-content\/uploads\/2022\/03\/Transporte-Reunion-Galli-D%C2%B4nofrio-3-scaled-1.jpg?resize=272%2C182&amp;ssl=1 272w, https:\/\/i0.wp.com\/cdnoticias.com\/wp-content\/uploads\/2022\/03\/Transporte-Reunion-Galli-D%C2%B4nofrio-3-scaled-1.jpg?w=1600&amp;ssl=1 1600w, https:\/\/i0.wp.com\/cdnoticias.com\/wp-content\/uploads\/2022\/03\/Transporte-Reunion-Galli-D%C2%B4nofrio-3-scaled-1.jpg?w=2400&amp;ssl=1 2400w\" sizes=\"auto, (max-width: 800px) 100vw, 800px\" \/><\/p>\n<p>&nbsp;<\/p>\n<blockquote><p>Cabe se\u00f1alar que en el lugar se entregaron solo un pu\u00f1ado de pases pero se confirm\u00f3 que<em> \u201chemos recibido un total de 477 pases, los cuales ser\u00e1n otorgados desde el Municipio en articulaci\u00f3n con el gobierno bonaerense\u201d.<\/em><\/p><\/blockquote>\n<p>&nbsp;<\/p>\n<p>Por su parte, el ministro de Transporte Jorge D\u2019Onofrio, agradeci\u00f3 <em>\u201cal Intendente que nos ha recibido tan bien, junto con los concejales que hoy nos acompa\u00f1an. <strong>M\u00e1s all\u00e1 de las diferencias, lo que nos tiene que encontrar es el trabajo conjunto en pos de resolver los problemas del d\u00eda a d\u00eda.<\/strong> El transporte de pasajeros es uno. El otro es el transporte de carga\u201d.<\/em><\/p>\n<p>&nbsp;<\/p>\n<blockquote><p><em>\u201cEn los \u00faltimos sesenta d\u00edas entregamos m\u00e1s de 10 mil pases libres Multimodales. Y tenemos el compromiso de que una vez que empezamos no parar, estar permanentemente actualizando la base de datos para seguir ampliando y reconociendo derechos de los y las bonaerenses. Es el compromiso que hemos asumido con el gobernador\u201d<\/em>, agreg\u00f3.<\/p><\/blockquote>\n<p>&nbsp;<\/p>\n<p>Asimismo, indic\u00f3 que <em>\u201cnos da mucha satisfacci\u00f3n poder ir a cada distrito y coordinar con los intendentes las entregas. A la gente no le importan ni los l\u00edmites jurisdiccionales ni colores pol\u00edticos. Quieren que les resolvamos sus problemas, y para eso estamos ac\u00e1\u201d.<\/em><\/p>\n<p>&nbsp;<\/p>\n<p><strong>La entrega de los restantes Pases Libres Multimodales se efectuar\u00e1 a partir del pr\u00f3ximo lunes 28 de marzo<\/strong>, en la sede Programa de Promoci\u00f3n de Derechos para Personas con Discapacidad y Personas Mayores, ubicada en la Avenida Sarmiento 2458, de 7 a 13 horas.<\/p>\n<p>&nbsp;<\/p>\n<p>Tambi\u00e9n se aclar\u00f3 que en caso ser necesario, el equipo municipal se trasladar\u00e1 a los domicilios particulares de los beneficiarios, para hacer efectiva la entrega de los pases.<\/p>\n","protected":false},"excerpt":{"rendered":"<p>El ministro de Transporte Jorge D\u2019Onofrio resalt\u00f3 en conferencia de prensa la importancia de entregar pases multimodales y el trabajo<\/p>\n","protected":false},"author":2,"featured_media":49744,"comment_status":"closed","ping_status":"closed","sticky":false,"template":"","format":"standard","meta":{"_jetpack_memberships_contains_paid_content":false,"footnotes":""},"categories":[5,1],"tags":[],"class_list":["post-49749","post","type-post","status-publish","format-standard","has-post-thumbnail","hentry","category-informacion-general","category-portada"],"jetpack_featured_media_url":"https:\/\/i0.wp.com\/cdnoticias.com\/wp-content\/uploads\/2022\/03\/conferenciadonofrio.jpeg?fit=1280%2C622&ssl=1","jetpack_sharing_enabled":true,"_links":{"self":[{"href":"https:\/\/cdnoticias.com\/index.php\/wp-json\/wp\/v2\/posts\/49749","targetHints":{"allow":["GET"]}}],"collection":[{"href":"https:\/\/cdnoticias.com\/index.php\/wp-json\/wp\/v2\/posts"}],"about":[{"href":"https:\/\/cdnoticias.com\/index.php\/wp-json\/wp\/v2\/types\/post"}],"author":[{"embeddable":true,"href":"https:\/\/cdnoticias.com\/index.php\/wp-json\/wp\/v2\/users\/2"}],"replies":[{"embeddable":true,"href":"https:\/\/cdnoticias.com\/index.php\/wp-json\/wp\/v2\/comments?post=49749"}],"version-history":[{"count":0,"href":"https:\/\/cdnoticias.com\/index.php\/wp-json\/wp\/v2\/posts\/49749\/revisions"}],"wp:featuredmedia":[{"embeddable":true,"href":"https:\/\/cdnoticias.com\/index.php\/wp-json\/wp\/v2\/media\/49744"}],"wp:attachment":[{"href":"https:\/\/cdnoticias.com\/index.php\/wp-json\/wp\/v2\/media?parent=49749"}],"wp:term":[{"taxonomy":"category","embeddable":true,"href":"https:\/\/cdnoticias.com\/index.php\/wp-json\/wp\/v2\/categories?post=49749"},{"taxonomy":"post_tag","embeddable":true,"href":"https:\/\/cdnoticias.com\/index.php\/wp-json\/wp\/v2\/tags?post=49749"}],"curies":[{"name":"wp","href":"https:\/\/api.w.org\/{rel}","templated":true}]}}