{"id":49745,"date":"2022-03-23T13:26:44","date_gmt":"2022-03-23T16:26:44","guid":{"rendered":"https:\/\/www.centraldenoticias.com.ar\/?p=49745"},"modified":"2022-03-23T16:05:25","modified_gmt":"2022-03-23T19:05:25","slug":"causa-terrenos-sorpresivos-e-importantes-allanamientos-en-la-ciudad","status":"publish","type":"post","link":"https:\/\/cdnoticias.com\/index.php\/2022\/03\/23\/causa-terrenos-sorpresivos-e-importantes-allanamientos-en-la-ciudad\/","title":{"rendered":"Causa terrenos: sorpresivos e importantes allanamientos en la ciudad"},"content":{"rendered":"<p>Fueron en siete puntos, entre los que se incluy\u00f3 el domicilio del principal mencionado en la causa, Claudio Peralta, y un asesor municipal. Tambi\u00e9n se allanaron escriban\u00edas y casas de polic\u00edas. <!--more--><\/p>\n<hr \/>\n<p>En la ma\u00f1ana de este mi\u00e9rcoles, y tras varias idas y vueltas sobre los destinos de la causa que investiga la<strong> venta ilegal de terrenos en Olavarr\u00eda, se realizaron al menos siete allanamientos en distintos puntos de la ciudad, encabezados por la Polic\u00eda Federal.<\/strong><\/p>\n<p>&nbsp;<\/p>\n<p>Se pudo ver a <strong>efectivos de esta fuerza ingresar a domicilios particulares y escriban\u00edas en b\u00fasqueda de material para avanzar en la investigaci\u00f3n<\/strong> que tiene a m\u00e1s de una decena de damnificados al momento.<\/p>\n<p>&nbsp;<\/p>\n<p><img data-recalc-dims=\"1\" loading=\"lazy\" decoding=\"async\" class=\"alignnone size-large wp-image-49741\" src=\"https:\/\/i0.wp.com\/cdnoticias.com\/wp-content\/uploads\/2022\/03\/allanamientos-terrenos.jpg?resize=800%2C445&#038;ssl=1\" alt=\"\" width=\"800\" height=\"445\" srcset=\"https:\/\/i0.wp.com\/cdnoticias.com\/wp-content\/uploads\/2022\/03\/allanamientos-terrenos.jpg?resize=1024%2C569&amp;ssl=1 1024w, https:\/\/i0.wp.com\/cdnoticias.com\/wp-content\/uploads\/2022\/03\/allanamientos-terrenos.jpg?resize=300%2C167&amp;ssl=1 300w, https:\/\/i0.wp.com\/cdnoticias.com\/wp-content\/uploads\/2022\/03\/allanamientos-terrenos.jpg?resize=768%2C427&amp;ssl=1 768w, https:\/\/i0.wp.com\/cdnoticias.com\/wp-content\/uploads\/2022\/03\/allanamientos-terrenos.jpg?resize=800%2C445&amp;ssl=1 800w, https:\/\/i0.wp.com\/cdnoticias.com\/wp-content\/uploads\/2022\/03\/allanamientos-terrenos.jpg?w=1152&amp;ssl=1 1152w\" sizes=\"auto, (max-width: 800px) 100vw, 800px\" \/><\/p>\n<p>&nbsp;<\/p>\n<blockquote><p>Entre los mencionados en los procedimientos, se encuentra el domicilio de Claudio Peralta, el principal apuntado en la causa m\u00e1s all\u00e1 de que formalmente no se encuentre imputado.<\/p><\/blockquote>\n<p>&nbsp;<\/p>\n<p>Tambi\u00e9n el <strong>personal policial allan\u00f3 el domicilio de Mariano Ciancio, actual asesor del Municipio en el \u00e1rea de Desarrollo Humano y Calidad de Vida<\/strong>, mientras que tambi\u00e9n visitaron <strong>escriban\u00edas mencionadas como \u201cimplicadas\u201d en este tipo de transacci\u00f3n de terrenos<\/strong> y tambi\u00e9n de dos polic\u00edas se\u00f1alados en la causa.<\/p>\n<p>&nbsp;<\/p>\n<p>Cabe se\u00f1alar que la medida fue sorpresiva dado que lo \u00faltimo que se supo hasta el momento fue que<strong> la C\u00e1mara de Casaci\u00f3n hab\u00eda rechazado el pedido de uno de los abogados, Julio Beley, de recusar a la fiscal Paula Serrano.<\/strong><\/p>\n<p>&nbsp;<\/p>\n<p>R\u00e1pidamente <strong>se tomaron medidas judiciales para avanzar y se desconoce, al momento, si los procedimientos fueron catalogados como \u201cpositivos\u201d.<\/strong><\/p>\n","protected":false},"excerpt":{"rendered":"<p>Fueron en siete puntos, entre los que se incluy\u00f3 el domicilio del principal mencionado en la causa, Claudio Peralta, y<\/p>\n","protected":false},"author":2,"featured_media":49742,"comment_status":"closed","ping_status":"closed","sticky":false,"template":"","format":"standard","meta":{"_jetpack_memberships_contains_paid_content":false,"footnotes":""},"categories":[14,1],"tags":[],"class_list":["post-49745","post","type-post","status-publish","format-standard","has-post-thumbnail","hentry","category-policiales","category-portada"],"jetpack_featured_media_url":"https:\/\/i0.wp.com\/cdnoticias.com\/wp-content\/uploads\/2022\/03\/allanamientos-terrenos1.jpg?fit=1152%2C640&ssl=1","jetpack_sharing_enabled":true,"_links":{"self":[{"href":"https:\/\/cdnoticias.com\/index.php\/wp-json\/wp\/v2\/posts\/49745","targetHints":{"allow":["GET"]}}],"collection":[{"href":"https:\/\/cdnoticias.com\/index.php\/wp-json\/wp\/v2\/posts"}],"about":[{"href":"https:\/\/cdnoticias.com\/index.php\/wp-json\/wp\/v2\/types\/post"}],"author":[{"embeddable":true,"href":"https:\/\/cdnoticias.com\/index.php\/wp-json\/wp\/v2\/users\/2"}],"replies":[{"embeddable":true,"href":"https:\/\/cdnoticias.com\/index.php\/wp-json\/wp\/v2\/comments?post=49745"}],"version-history":[{"count":0,"href":"https:\/\/cdnoticias.com\/index.php\/wp-json\/wp\/v2\/posts\/49745\/revisions"}],"wp:featuredmedia":[{"embeddable":true,"href":"https:\/\/cdnoticias.com\/index.php\/wp-json\/wp\/v2\/media\/49742"}],"wp:attachment":[{"href":"https:\/\/cdnoticias.com\/index.php\/wp-json\/wp\/v2\/media?parent=49745"}],"wp:term":[{"taxonomy":"category","embeddable":true,"href":"https:\/\/cdnoticias.com\/index.php\/wp-json\/wp\/v2\/categories?post=49745"},{"taxonomy":"post_tag","embeddable":true,"href":"https:\/\/cdnoticias.com\/index.php\/wp-json\/wp\/v2\/tags?post=49745"}],"curies":[{"name":"wp","href":"https:\/\/api.w.org\/{rel}","templated":true}]}}