{"id":49735,"date":"2022-03-23T11:22:57","date_gmt":"2022-03-23T14:22:57","guid":{"rendered":"https:\/\/www.centraldenoticias.com.ar\/?p=49735"},"modified":"2022-03-23T11:34:02","modified_gmt":"2022-03-23T14:34:02","slug":"el-ministro-de-transporte-jorge-donofrio-ya-esta-en-olavarria","status":"publish","type":"post","link":"https:\/\/cdnoticias.com\/index.php\/2022\/03\/23\/el-ministro-de-transporte-jorge-donofrio-ya-esta-en-olavarria\/","title":{"rendered":"El Ministro de Transporte Jorge D\u2019Onofrio ya est\u00e1 en Olavarr\u00eda"},"content":{"rendered":"<p>El titular de la cartera bonaerense fue recibido por Eduardo Rodr\u00edguez y concejales del Foro Olavarr\u00eda, junto a Federico Aguilera. <!--more--><\/p>\n<hr \/>\n<p>El <strong>Ministro de Transporte de la Provincia de Buenos Aires, Jorge D\u2019Onofrio, arrib\u00f3 a la ciudad en la ma\u00f1ana de este mi\u00e9rcoles.<\/strong><\/p>\n<p>&nbsp;<\/p>\n<p>Fue recibido por el referente de Foro Olavarr\u00eda \u2013 Frente Renovador Eduardo Rodr\u00edguez, la concejala In\u00e9s Creimer, el concejal Gast\u00f3n Sarachu, el subdelegado de CNRT Olavarr\u00eda Sergio Feoli y el Subsecretario de miner\u00eda Federico Aguilera.<\/p>\n<p>&nbsp;<\/p>\n<p>Cabe se\u00f1alar que l<strong>a visita de D\u2019Onofrio se da en el marco de una reuni\u00f3n con el intendente Ezequiel Galli para dar entrega de alrededor de 500 Pases Libres Multimodales<\/strong>, que por la pandemia no pudieron ser entregados.<\/p>\n<p>&nbsp;<\/p>\n<p>Adem\u00e1s, habr\u00e1 una conferencia de prensa en la que se explicar\u00e1n los detalles de esta gesti\u00f3n y, ya metidos en una recorrida de gesti\u00f3n, <strong>la comitiva visitar\u00e1 la cantera La Preferida<\/strong>, donde tambi\u00e9n mantendr\u00e1 una reuni\u00f3n con el Directorio de la empresa.<\/p>\n","protected":false},"excerpt":{"rendered":"<p>El titular de la cartera bonaerense fue recibido por Eduardo Rodr\u00edguez y concejales del Foro Olavarr\u00eda, junto a Federico Aguilera.<\/p>\n","protected":false},"author":2,"featured_media":49740,"comment_status":"closed","ping_status":"closed","sticky":false,"template":"","format":"standard","meta":{"_jetpack_memberships_contains_paid_content":false,"footnotes":""},"categories":[4,1],"tags":[],"class_list":["post-49735","post","type-post","status-publish","format-standard","has-post-thumbnail","hentry","category-politica","category-portada"],"jetpack_featured_media_url":"https:\/\/i0.wp.com\/cdnoticias.com\/wp-content\/uploads\/2022\/03\/DOnofrio-1.jpeg?fit=1280%2C960&ssl=1","jetpack_sharing_enabled":true,"_links":{"self":[{"href":"https:\/\/cdnoticias.com\/index.php\/wp-json\/wp\/v2\/posts\/49735","targetHints":{"allow":["GET"]}}],"collection":[{"href":"https:\/\/cdnoticias.com\/index.php\/wp-json\/wp\/v2\/posts"}],"about":[{"href":"https:\/\/cdnoticias.com\/index.php\/wp-json\/wp\/v2\/types\/post"}],"author":[{"embeddable":true,"href":"https:\/\/cdnoticias.com\/index.php\/wp-json\/wp\/v2\/users\/2"}],"replies":[{"embeddable":true,"href":"https:\/\/cdnoticias.com\/index.php\/wp-json\/wp\/v2\/comments?post=49735"}],"version-history":[{"count":0,"href":"https:\/\/cdnoticias.com\/index.php\/wp-json\/wp\/v2\/posts\/49735\/revisions"}],"wp:featuredmedia":[{"embeddable":true,"href":"https:\/\/cdnoticias.com\/index.php\/wp-json\/wp\/v2\/media\/49740"}],"wp:attachment":[{"href":"https:\/\/cdnoticias.com\/index.php\/wp-json\/wp\/v2\/media?parent=49735"}],"wp:term":[{"taxonomy":"category","embeddable":true,"href":"https:\/\/cdnoticias.com\/index.php\/wp-json\/wp\/v2\/categories?post=49735"},{"taxonomy":"post_tag","embeddable":true,"href":"https:\/\/cdnoticias.com\/index.php\/wp-json\/wp\/v2\/tags?post=49735"}],"curies":[{"name":"wp","href":"https:\/\/api.w.org\/{rel}","templated":true}]}}