{"id":49713,"date":"2022-03-23T08:57:09","date_gmt":"2022-03-23T11:57:09","guid":{"rendered":"https:\/\/www.centraldenoticias.com.ar\/?p=49713"},"modified":"2022-03-23T08:57:09","modified_gmt":"2022-03-23T11:57:09","slug":"retuvieron-a-un-joven-por-robar-elementos-de-un-camion","status":"publish","type":"post","link":"https:\/\/cdnoticias.com\/index.php\/2022\/03\/23\/retuvieron-a-un-joven-por-robar-elementos-de-un-camion\/","title":{"rendered":"Retuvieron a un joven por robar elementos de un cami\u00f3n"},"content":{"rendered":"<p>Tiene 27 a\u00f1os y fue capturado por agentes del Comando de Patrullas. Se le inicio una causa por \u201churto\u201d.<!--more--><\/p>\n<hr \/>\n<p>En la jornada de este martes tareas conjuntas de personal del Comando de Patrullas y comisar\u00eda Primera permitieron llevar adelante la captura de<strong> un joven de 27 a\u00f1os, quien fue interceptado con elementos que hab\u00eda robado de un cami\u00f3n.<\/strong><\/p>\n<p>&nbsp;<\/p>\n<p>Testigos ocasionales del hecho se comunicaron de inmediato al servicio de emergencias, lo que permiti\u00f3 c<strong>apturar al acusado en las inmediaciones del cruce de avenida Alberdi y Belgrano.<\/strong><\/p>\n<p>&nbsp;<\/p>\n<p>Se le inici\u00f3 una causa por <strong>\u201churto in fraganti delito\u201d<\/strong> y se encuentra a disposici\u00f3n de la fiscal\u00eda en turno, la N\u00b0 4 de la doctora Mar\u00eda Paula Serrano.<\/p>\n","protected":false},"excerpt":{"rendered":"<p>Tiene 27 a\u00f1os y fue capturado por agentes del Comando de Patrullas. Se le inicio una causa por \u201churto\u201d.<\/p>\n","protected":false},"author":3,"featured_media":49714,"comment_status":"closed","ping_status":"closed","sticky":false,"template":"","format":"standard","meta":{"_jetpack_memberships_contains_paid_content":false,"footnotes":""},"categories":[14,1],"tags":[],"class_list":["post-49713","post","type-post","status-publish","format-standard","has-post-thumbnail","hentry","category-policiales","category-portada"],"jetpack_featured_media_url":"https:\/\/i0.wp.com\/cdnoticias.com\/wp-content\/uploads\/2022\/03\/WhatsApp-Image-2022-03-22-at-19.31.01.jpeg?fit=1156%2C508&ssl=1","jetpack_sharing_enabled":true,"_links":{"self":[{"href":"https:\/\/cdnoticias.com\/index.php\/wp-json\/wp\/v2\/posts\/49713","targetHints":{"allow":["GET"]}}],"collection":[{"href":"https:\/\/cdnoticias.com\/index.php\/wp-json\/wp\/v2\/posts"}],"about":[{"href":"https:\/\/cdnoticias.com\/index.php\/wp-json\/wp\/v2\/types\/post"}],"author":[{"embeddable":true,"href":"https:\/\/cdnoticias.com\/index.php\/wp-json\/wp\/v2\/users\/3"}],"replies":[{"embeddable":true,"href":"https:\/\/cdnoticias.com\/index.php\/wp-json\/wp\/v2\/comments?post=49713"}],"version-history":[{"count":0,"href":"https:\/\/cdnoticias.com\/index.php\/wp-json\/wp\/v2\/posts\/49713\/revisions"}],"wp:featuredmedia":[{"embeddable":true,"href":"https:\/\/cdnoticias.com\/index.php\/wp-json\/wp\/v2\/media\/49714"}],"wp:attachment":[{"href":"https:\/\/cdnoticias.com\/index.php\/wp-json\/wp\/v2\/media?parent=49713"}],"wp:term":[{"taxonomy":"category","embeddable":true,"href":"https:\/\/cdnoticias.com\/index.php\/wp-json\/wp\/v2\/categories?post=49713"},{"taxonomy":"post_tag","embeddable":true,"href":"https:\/\/cdnoticias.com\/index.php\/wp-json\/wp\/v2\/tags?post=49713"}],"curies":[{"name":"wp","href":"https:\/\/api.w.org\/{rel}","templated":true}]}}