{"id":49657,"date":"2022-03-23T09:00:57","date_gmt":"2022-03-23T12:00:57","guid":{"rendered":"https:\/\/www.centraldenoticias.com.ar\/?p=49657"},"modified":"2022-03-23T09:00:57","modified_gmt":"2022-03-23T12:00:57","slug":"este-viernes-la-oficina-de-anses-permanecera-cerrada","status":"publish","type":"post","link":"https:\/\/cdnoticias.com\/index.php\/2022\/03\/23\/este-viernes-la-oficina-de-anses-permanecera-cerrada\/","title":{"rendered":"Este viernes la oficina de ANSES permanecer\u00e1 cerrada"},"content":{"rendered":"<p>As\u00ed lo informaron desde el organismo ya que realizar\u00e1n recambio de mobiliario y tareas de mantenimiento. Los turnos para ese d\u00eda ser\u00e1n debidamente reprogramados.<!--more--><\/p>\n<hr \/>\n<p>&nbsp;<\/p>\n<p>La <strong>oficina de ANSES permanecer\u00e1 cerrada este viernes 25 de marzo<\/strong> debido a que realizar\u00e1n <strong>recambio de mobiliario y tareas de mantenimiento.<\/strong><\/p>\n<p>&nbsp;<\/p>\n<p><strong>Maximiliano Wesner,<\/strong> titular de la UDAI Olavarr\u00eda indic\u00f3 que &#8220;<strong>de jueves a domingo estaremos trabajando en las oficinas<\/strong> en el recambio de mobiliario, mejorando las conexiones a internet, cableado, se van a dividir y distribuir de manera diferente los box de entrada. Esto ser\u00e1 fundamental para que<strong> todo el personal pueda trabajar m\u00e1s c\u00f3modo y mejore la atenci\u00f3n al p\u00fablico.<\/strong> Adem\u00e1s vamos a contar con <strong>8 computadoras nuevas<\/strong> lo que nos permitir\u00e1 agilizar mucho la carga de datos y el trabajo en general\u201d.<\/p>\n<p>&nbsp;<\/p>\n<p>Por \u00faltimo se indic\u00f3 que los <strong>turnos para ese d\u00eda ser\u00e1n debidamente reprogramados.<\/strong><\/p>\n","protected":false},"excerpt":{"rendered":"<p>As\u00ed lo informaron desde el organismo ya que realizar\u00e1n recambio de mobiliario y tareas de mantenimiento. Los turnos para ese<\/p>\n","protected":false},"author":6,"featured_media":3692,"comment_status":"closed","ping_status":"closed","sticky":false,"template":"","format":"standard","meta":{"_jetpack_memberships_contains_paid_content":false,"footnotes":""},"categories":[5,1],"tags":[],"class_list":["post-49657","post","type-post","status-publish","format-standard","has-post-thumbnail","hentry","category-informacion-general","category-portada"],"jetpack_featured_media_url":"https:\/\/i0.wp.com\/cdnoticias.com\/wp-content\/uploads\/2020\/10\/wesner-anses-3.jpg?fit=4608%2C3072&ssl=1","jetpack_sharing_enabled":true,"_links":{"self":[{"href":"https:\/\/cdnoticias.com\/index.php\/wp-json\/wp\/v2\/posts\/49657","targetHints":{"allow":["GET"]}}],"collection":[{"href":"https:\/\/cdnoticias.com\/index.php\/wp-json\/wp\/v2\/posts"}],"about":[{"href":"https:\/\/cdnoticias.com\/index.php\/wp-json\/wp\/v2\/types\/post"}],"author":[{"embeddable":true,"href":"https:\/\/cdnoticias.com\/index.php\/wp-json\/wp\/v2\/users\/6"}],"replies":[{"embeddable":true,"href":"https:\/\/cdnoticias.com\/index.php\/wp-json\/wp\/v2\/comments?post=49657"}],"version-history":[{"count":0,"href":"https:\/\/cdnoticias.com\/index.php\/wp-json\/wp\/v2\/posts\/49657\/revisions"}],"wp:featuredmedia":[{"embeddable":true,"href":"https:\/\/cdnoticias.com\/index.php\/wp-json\/wp\/v2\/media\/3692"}],"wp:attachment":[{"href":"https:\/\/cdnoticias.com\/index.php\/wp-json\/wp\/v2\/media?parent=49657"}],"wp:term":[{"taxonomy":"category","embeddable":true,"href":"https:\/\/cdnoticias.com\/index.php\/wp-json\/wp\/v2\/categories?post=49657"},{"taxonomy":"post_tag","embeddable":true,"href":"https:\/\/cdnoticias.com\/index.php\/wp-json\/wp\/v2\/tags?post=49657"}],"curies":[{"name":"wp","href":"https:\/\/api.w.org\/{rel}","templated":true}]}}