{"id":49651,"date":"2022-03-22T18:55:55","date_gmt":"2022-03-22T21:55:55","guid":{"rendered":"https:\/\/www.centraldenoticias.com.ar\/?p=49651"},"modified":"2022-03-22T20:00:25","modified_gmt":"2022-03-22T23:00:25","slug":"giro-repercusiones-ante-el-nuevo-cronograma-de-recoleccion","status":"publish","type":"post","link":"https:\/\/cdnoticias.com\/index.php\/2022\/03\/22\/giro-repercusiones-ante-el-nuevo-cronograma-de-recoleccion\/","title":{"rendered":"GIRO: Repercusiones ante el nuevo cronograma de recolecci\u00f3n"},"content":{"rendered":"<p>Horacio Agosta, vecino del barrio San Vicente, habl\u00f3 con Central de Noticias tras conocer el nuevo calendario de recolecci\u00f3n de residuos. &#8220;Es un paso adelante que conseguimos todos los vecinos unidos y moviliz\u00e1ndonos&#8221;, afirm\u00f3. <!--more--><\/p>\n<hr \/>\n<p>El lunes se dio a conocer un n<a href=\"https:\/\/cdnoticias.com\/index.php\/2022\/03\/21\/giro-en-san-vicente-vamos-a-probar-que-pasa-si-agregamos-un-dia-mas-de-recoleccion\/\" target=\"_blank\" rel=\"noopener\">uevo calendario de recolecci\u00f3n del programa GIRO<\/a> que abarca<strong> 2000 hogares en el barrio San Vicente<\/strong> luego del reclamo de vecinos del sector para recuperar d\u00edas del servicio.<\/p>\n<p>&nbsp;<\/p>\n<p>Seg\u00fan se inform\u00f3, el <strong>nuevo calendario de recolecci\u00f3n<\/strong> qued\u00f3 de la siguiente manera:\u00a0<strong>lunes- basura, martes-reciclables, mi\u00e9rcoles-basura, jueves-compostables, viernes-basura.<\/strong><\/p>\n<p>&nbsp;<\/p>\n<p><strong>Horacio Agosta, vecino del barrio San Vicente<\/strong> dialog\u00f3 con <em>Central de Noticias<\/em> y afirm\u00f3 que <strong>&#8220;no digo que es una conquista, pero es un paso adelante que conseguimos todos los vecinos unidos y moviliz\u00e1ndonos<\/strong>. Desde aquel que hizo un cartel, hasta el que firm\u00f3 el petitorio, el que junt\u00f3 firmas y el que particip\u00f3 de las reuniones. <strong>El gobierno<\/strong> durante este proceso donde <strong>nosotros protestamos<\/strong> por el <strong>recorte de los d\u00edas de recolecci\u00f3n<\/strong>, <strong>no pudo encontrar un solo vecino que lo respalde&#8221;.\u00a0<\/strong><\/p>\n<p>&nbsp;<\/p>\n<p>Agosta, tambi\u00e9n dio su mirada sobre las caracter\u00edsticas del GIRO y expres\u00f3: &#8220;<strong>no entiendo en que se basan.<\/strong> Arrancaron diciendo que nos recortaban 2 d\u00edas porque<strong> hab\u00edan hecho un estudio y hab\u00edan comprobado que la mayor\u00eda de los vecinos del barrio no sacaban todos los d\u00edas la basura<\/strong>. Lo refutamos porque faltan a la verdad, hace 57 a\u00f1os vivo en este barrio y se que<strong> todos los d\u00edas sacamos la basura&#8221;.\u00a0<\/strong><\/p>\n<p>&nbsp;<\/p>\n<blockquote><p>&#8220;Hay un mont\u00f3n de cosas que est\u00e1n pendientes. En primer lugar, que <strong>nos devuelvan el domingo que nos esta faltando<\/strong>. <strong>No se puede implementar un plan de estas caracter\u00edsticas teniendo a la gente en contra<\/strong>&#8221; agreg\u00f3.<\/p><\/blockquote>\n<p>&nbsp;<\/p>\n<p>Adem\u00e1s, manifest\u00f3 que &#8220;<strong>fue un tremendo <em>marketing<\/em> y un tremendo <em>merchandising<\/em>.<\/strong> Entregando bolsitas, calcoman\u00edas, imanes, papelitos por debajo de la puerta pero cero di\u00e1logo con la gente&#8221; y sostuvo: &#8220;<strong>Es mentira que hablaron con la Sociedad de Fomento, que hicieron reuniones en la plaza.<\/strong> Es totalmente falso, nadie se enter\u00f3 y con los vecinos que he hablado nadie particip\u00f3 de esas reuniones&#8221;.<\/p>\n<p>&nbsp;<\/p>\n<p>El <strong>programa GIRO pretende extenderse a toda la ciudad<\/strong> luego de la implementaci\u00f3n de pruebas pilotos. Agosta agreg\u00f3 que &#8220;de la manera que lo est\u00e1n implementando, <strong>creo que no va a funcionar<\/strong> porque me da la impresi\u00f3n de que<strong> el objetivo que tiene el gobierno es recortarnos la frecuencia de recolecci\u00f3n,<\/strong> si no esto hubiera arrancado de otra manera&#8221;.<\/p>\n<p>&nbsp;<\/p>\n<p>Por otro lado afirm\u00f3 que &#8220;<strong>hasta el cansancio nosotros dijimos <\/strong>que<strong> estamos en contra de mantener la recolecci\u00f3n como era antes<\/strong>, de que todos saquemos cualquier cosa. No podemos convivir con esa situaci\u00f3n, pero <strong>para un cambio real el municipio en lugar de recortar el servicio tiene que invertir como corresponde&#8221;.\u00a0<\/strong><\/p>\n<p>&nbsp;<\/p>\n<p>Por \u00faltimo coment\u00f3 que <strong>&#8220;la experiencia que hemos hecho nosotros en cierta medida la van a contemplar los vecinos de otros barrios.<\/strong> <strong>Van a estar alertados por la lucha que hicimos nosotros.<\/strong> Yo ya estoy en contacto con vecinos de distintos barrios para contar nuestra experiencia sobre los reclamos que hicimos&#8221;.<\/p>\n","protected":false},"excerpt":{"rendered":"<p>Horacio Agosta, vecino del barrio San Vicente, habl\u00f3 con Central de Noticias tras conocer el nuevo calendario de recolecci\u00f3n de<\/p>\n","protected":false},"author":6,"featured_media":49704,"comment_status":"closed","ping_status":"closed","sticky":false,"template":"","format":"standard","meta":{"_jetpack_memberships_contains_paid_content":false,"footnotes":""},"categories":[5,1],"tags":[],"class_list":["post-49651","post","type-post","status-publish","format-standard","has-post-thumbnail","hentry","category-informacion-general","category-portada"],"jetpack_featured_media_url":"https:\/\/i0.wp.com\/cdnoticias.com\/wp-content\/uploads\/2022\/03\/Diseno-sin-titulo-1.png?fit=1080%2C1080&ssl=1","jetpack_sharing_enabled":true,"_links":{"self":[{"href":"https:\/\/cdnoticias.com\/index.php\/wp-json\/wp\/v2\/posts\/49651","targetHints":{"allow":["GET"]}}],"collection":[{"href":"https:\/\/cdnoticias.com\/index.php\/wp-json\/wp\/v2\/posts"}],"about":[{"href":"https:\/\/cdnoticias.com\/index.php\/wp-json\/wp\/v2\/types\/post"}],"author":[{"embeddable":true,"href":"https:\/\/cdnoticias.com\/index.php\/wp-json\/wp\/v2\/users\/6"}],"replies":[{"embeddable":true,"href":"https:\/\/cdnoticias.com\/index.php\/wp-json\/wp\/v2\/comments?post=49651"}],"version-history":[{"count":0,"href":"https:\/\/cdnoticias.com\/index.php\/wp-json\/wp\/v2\/posts\/49651\/revisions"}],"wp:featuredmedia":[{"embeddable":true,"href":"https:\/\/cdnoticias.com\/index.php\/wp-json\/wp\/v2\/media\/49704"}],"wp:attachment":[{"href":"https:\/\/cdnoticias.com\/index.php\/wp-json\/wp\/v2\/media?parent=49651"}],"wp:term":[{"taxonomy":"category","embeddable":true,"href":"https:\/\/cdnoticias.com\/index.php\/wp-json\/wp\/v2\/categories?post=49651"},{"taxonomy":"post_tag","embeddable":true,"href":"https:\/\/cdnoticias.com\/index.php\/wp-json\/wp\/v2\/tags?post=49651"}],"curies":[{"name":"wp","href":"https:\/\/api.w.org\/{rel}","templated":true}]}}