{"id":49647,"date":"2022-03-22T15:57:50","date_gmt":"2022-03-22T18:57:50","guid":{"rendered":"https:\/\/www.centraldenoticias.com.ar\/?p=49647"},"modified":"2022-03-22T18:20:36","modified_gmt":"2022-03-22T21:20:36","slug":"queremos-ser-una-alternativa-pro-ritondo-inaugurara-un-nuevo-local-partidario-en-olavarria","status":"publish","type":"post","link":"https:\/\/cdnoticias.com\/index.php\/2022\/03\/22\/queremos-ser-una-alternativa-pro-ritondo-inaugurara-un-nuevo-local-partidario-en-olavarria\/","title":{"rendered":"\u201cQueremos ser una alternativa PRO\u201d: Ritondo inaugurar\u00e1 un nuevo local partidario en Olavarr\u00eda"},"content":{"rendered":"<p>El anuncio fue hecho a trav\u00e9s de las redes sociales de diputado nacional Cristian Ritondo, quien se mostr\u00f3 acompa\u00f1ado de Dalton Jauregui y Juan Carrara.<!--more--><\/p>\n<hr \/>\n<p><strong>\u201cSabemos que la s\u00e9ptima tenemos que recuperarla para el PRO\u201d<\/strong>. De esa manera el diputado nacional y presidente del bloque PRO Cristian Ritondo anunci\u00f3 a trav\u00e9s de sus redes sociales la inauguraci\u00f3n de un nuevo local partidario en nuestra ciudad.<\/p>\n<p>&nbsp;<\/p>\n<blockquote class=\"twitter-tweet\" data-width=\"550\" data-dnt=\"true\">\n<p lang=\"es\" dir=\"ltr\">Con <a href=\"https:\/\/twitter.com\/daltonjauregui?ref_src=twsrc%5Etfw\">@daltonjauregui<\/a> y <a href=\"https:\/\/twitter.com\/JuanBCarrara?ref_src=twsrc%5Etfw\">@JuanBCarrara<\/a> estamos trabajando seriamente para la Provincia y Olavarr\u00eda. En los pr\u00f3ximos d\u00edas vamos a inaugurar un local del PRO en la ciudad, para que junto a los olavarrienses proyectemos seriamente acciones concretas que mejoren la vida de los vecinos. <a href=\"https:\/\/t.co\/xZxU1Vjrcq\">pic.twitter.com\/xZxU1Vjrcq<\/a><\/p>\n<p>&mdash; Cristian Ritondo (@cristianritondo) <a href=\"https:\/\/twitter.com\/cristianritondo\/status\/1506310004965462019?ref_src=twsrc%5Etfw\">March 22, 2022<\/a><\/p><\/blockquote>\n<p><script async src=\"https:\/\/platform.twitter.com\/widgets.js\" charset=\"utf-8\"><\/script><\/p>\n<p>&nbsp;<\/p>\n<p>Si bien no se arroj\u00f3 fecha precisa del evento, el escueto video divulgado arroj\u00f3 numerosos mensajes pol\u00edticos, tanto por el contenido de sus dichos como por qui\u00e9nes lo acompa\u00f1aron. Se trat\u00f3, por un lado, de Dalton Jauregui, ex senador actualmente secretario legislativo de Juntos en el Senado Bonaerense, quien comparti\u00f3 la publicaci\u00f3n de Ritondo y expres\u00f3 <strong>\u201cseguimos trabajando para ser una alternativa del PRO en Olavarr\u00eda. Siempre escuchando a los vecinos\u201d.<\/strong><\/p>\n<p>&nbsp;<\/p>\n<blockquote class=\"twitter-tweet\" data-width=\"550\" data-dnt=\"true\">\n<p lang=\"es\" dir=\"ltr\">Seguimos trabajando para ser una alternativa del PRO en Olavarr\u00eda. Siempre escuchando a los vecinos \ud83d\udcaa <a href=\"https:\/\/t.co\/gU21cDCabn\">https:\/\/t.co\/gU21cDCabn<\/a><\/p>\n<p>&mdash; Dalton J\u00e1uregui (@daltonjauregui) <a href=\"https:\/\/twitter.com\/daltonjauregui\/status\/1506319594960539650?ref_src=twsrc%5Etfw\">March 22, 2022<\/a><\/p><\/blockquote>\n<p><script async src=\"https:\/\/platform.twitter.com\/widgets.js\" charset=\"utf-8\"><\/script><\/p>\n<p>&nbsp;<\/p>\n<p>Por el otro, se lo pudo ver al actual diputado provincial por Juntos por el Cambio Juan Carrara, quien public\u00f3 <strong>\u201cestamos fortaleciendo el PRO en Olavarr\u00eda y en la S\u00e9ptima Secci\u00f3n. Escuchar a cada vecino es fundamental para reconstruir el da\u00f1o que gener\u00f3 el Kirchnerismo en la Provincia\u201d.<\/strong><\/p>\n<p>&nbsp;<\/p>\n<blockquote class=\"twitter-tweet\" data-width=\"550\" data-dnt=\"true\">\n<p lang=\"es\" dir=\"ltr\">Con <a href=\"https:\/\/twitter.com\/cristianritondo?ref_src=twsrc%5Etfw\">@cristianritondo<\/a> y <a href=\"https:\/\/twitter.com\/daltonjauregui?ref_src=twsrc%5Etfw\">@daltonjauregui<\/a> estamos fortaleciendo el PRO en <a href=\"https:\/\/twitter.com\/hashtag\/Olavarr%C3%ADa?src=hash&amp;ref_src=twsrc%5Etfw\">#Olavarr\u00eda<\/a> y en la <a href=\"https:\/\/twitter.com\/hashtag\/S%C3%A9ptimaSecci%C3%B3n?src=hash&amp;ref_src=twsrc%5Etfw\">#S\u00e9ptimaSecci\u00f3n<\/a>. Escuchar a cada vecino es fundamental para reconstruir el da\u00f1o que gener\u00f3 el Kirchnerismo en la Provincia.<a href=\"https:\/\/twitter.com\/proargentina?ref_src=twsrc%5Etfw\">@proargentina<\/a> \ud83d\udcaa <a href=\"https:\/\/t.co\/Dbj4hqkUtB\">https:\/\/t.co\/Dbj4hqkUtB<\/a><\/p>\n<p>&mdash; Juan Carrara (@JuanBCarrara) <a href=\"https:\/\/twitter.com\/JuanBCarrara\/status\/1506325572867149827?ref_src=twsrc%5Etfw\">March 22, 2022<\/a><\/p><\/blockquote>\n<p><script async src=\"https:\/\/platform.twitter.com\/widgets.js\" charset=\"utf-8\"><\/script><\/p>\n<p>&nbsp;<\/p>\n<p>Se trata de legisladores que supieron compartir lista con el intendente olavarriense Ezequiel Galli, principal referente del espacio precisamente en Olavarr\u00eda y la s\u00e9ptima secci\u00f3n electoral. Es por ello que a\u00fan m\u00e1s llam\u00f3 la atenci\u00f3n cuando Ritondo expres\u00f3<strong> \u201csabemos que la s\u00e9ptima tenemos que recuperarla para el PRO. Tenemos que recuperar muchos m\u00e1s distritos, no solo uno\u201d.<\/strong><\/p>\n","protected":false},"excerpt":{"rendered":"<p>El anuncio fue hecho a trav\u00e9s de las redes sociales de diputado nacional Cristian Ritondo, quien se mostr\u00f3 acompa\u00f1ado de<\/p>\n","protected":false},"author":3,"featured_media":49648,"comment_status":"closed","ping_status":"closed","sticky":false,"template":"","format":"standard","meta":{"_jetpack_memberships_contains_paid_content":false,"footnotes":""},"categories":[4,1],"tags":[],"class_list":["post-49647","post","type-post","status-publish","format-standard","has-post-thumbnail","hentry","category-politica","category-portada"],"jetpack_featured_media_url":"https:\/\/i0.wp.com\/cdnoticias.com\/wp-content\/uploads\/2022\/03\/56817392-bdfb-4c3b-81d1-8437435502b0.jpg?fit=1280%2C852&ssl=1","jetpack_sharing_enabled":true,"_links":{"self":[{"href":"https:\/\/cdnoticias.com\/index.php\/wp-json\/wp\/v2\/posts\/49647","targetHints":{"allow":["GET"]}}],"collection":[{"href":"https:\/\/cdnoticias.com\/index.php\/wp-json\/wp\/v2\/posts"}],"about":[{"href":"https:\/\/cdnoticias.com\/index.php\/wp-json\/wp\/v2\/types\/post"}],"author":[{"embeddable":true,"href":"https:\/\/cdnoticias.com\/index.php\/wp-json\/wp\/v2\/users\/3"}],"replies":[{"embeddable":true,"href":"https:\/\/cdnoticias.com\/index.php\/wp-json\/wp\/v2\/comments?post=49647"}],"version-history":[{"count":0,"href":"https:\/\/cdnoticias.com\/index.php\/wp-json\/wp\/v2\/posts\/49647\/revisions"}],"wp:featuredmedia":[{"embeddable":true,"href":"https:\/\/cdnoticias.com\/index.php\/wp-json\/wp\/v2\/media\/49648"}],"wp:attachment":[{"href":"https:\/\/cdnoticias.com\/index.php\/wp-json\/wp\/v2\/media?parent=49647"}],"wp:term":[{"taxonomy":"category","embeddable":true,"href":"https:\/\/cdnoticias.com\/index.php\/wp-json\/wp\/v2\/categories?post=49647"},{"taxonomy":"post_tag","embeddable":true,"href":"https:\/\/cdnoticias.com\/index.php\/wp-json\/wp\/v2\/tags?post=49647"}],"curies":[{"name":"wp","href":"https:\/\/api.w.org\/{rel}","templated":true}]}}