{"id":4964,"date":"2020-10-26T22:10:28","date_gmt":"2020-10-27T01:10:28","guid":{"rendered":"http:\/\/www.centraldenoticias.com.ar\/?p=4964"},"modified":"2020-10-26T22:10:28","modified_gmt":"2020-10-27T01:10:28","slug":"si-no-tienen-sintomas-no-vayan-a-hisoparse","status":"publish","type":"post","link":"https:\/\/cdnoticias.com\/index.php\/2020\/10\/26\/si-no-tienen-sintomas-no-vayan-a-hisoparse\/","title":{"rendered":"\u201cSi no tienen s\u00edntomas no vayan a hisoparse\u201d"},"content":{"rendered":"<p>En la ronda de preguntas de la conferencia de prensa, el Intendente explic\u00f3 las diferencias entre el hisopado PCR y el de ant\u00edgenos que se realiza en el RTA. Desalentaron a los m\u00e9dicos a la prescripci\u00f3n de Ivermectina en pacientes. \u201cNo est\u00e1 aprobado por ANMAT\u201d dijo Caputo.<!--more--><\/p>\n<hr \/>\n<p>Tras la confirmaci\u00f3n del <a href=\"https:\/\/cdnoticias.com\/index.php\/2020\/10\/26\/olavarria-vuelve-a-fase-3-hasta-el-2-de-noviembre-restringen-actividades\/\" target=\"_blank\" rel=\"noopener\">regreso a Fase 3 por el \u201cpico de casos\u201d en Olavarr\u00eda<\/a>, <strong>el Intendente Galli y el Secretario de Salud Germ\u00e1n Caputo respondieron las preguntas de los periodistas presentes.<\/strong><\/p>\n<p>&nbsp;<\/p>\n<p>El jefe comunal se\u00f1al\u00f3 que m\u00e1s all\u00e1 de la restricci\u00f3n de nuevas actividades <em>\u201cintentamos sostener la actividad econ\u00f3mica con el equilibrio sanitario\u201d.<\/em> Con respecto a la curva de contagios, <strong><em>\u201cest\u00e1 tendiendo a tener un leve descenso que esperamos que se sostenga\u201d.<\/em><\/strong><\/p>\n<p>&nbsp;<\/p>\n<blockquote><p>\u201cEs una gran novedad que hayamos bajado la positividad\u201d.<\/p><\/blockquote>\n<p>&nbsp;<\/p>\n<p>Ante las declaraciones del <a href=\"https:\/\/cdnoticias.com\/index.php\/2020\/10\/26\/trebucq-hay-indicadores-que-hablan-de-la-circulacion-comunitaria-en-tandil-y-olavarria\/\" target=\"_blank\" rel=\"noopener\">decano de la Facultad de Ciencias de la Salud, H\u00e9ctor Trebucq<\/a> acerca del uso de Ivermectina en pacientes con COVID que mejoran su situaci\u00f3n de salud,<strong> Caputo<\/strong> fue m\u00e1s tajante y se\u00f1al\u00f3 que <em>\u201cesto no est\u00e1 basado en el m\u00e9todo cient\u00edfico, hoy por hoy no tenemos basamiento cient\u00edfico que nos diga que esa droga act\u00faa para prevenir o curar la patolog\u00eda viral\u201d<strong>.<\/strong><\/em><strong> Indic\u00f3 que no est\u00e1 aprobado por la ANMAT.<\/strong><\/p>\n<p>&nbsp;<\/p>\n<p><img data-recalc-dims=\"1\" loading=\"lazy\" decoding=\"async\" class=\"alignnone size-full wp-image-4947\" src=\"https:\/\/i0.wp.com\/cdnoticias.com\/wp-content\/uploads\/2020\/10\/WhatsApp-Image-2020-10-26-at-21.11.05.jpeg?resize=800%2C600&#038;ssl=1\" alt=\"\" width=\"800\" height=\"600\" srcset=\"https:\/\/i0.wp.com\/cdnoticias.com\/wp-content\/uploads\/2020\/10\/WhatsApp-Image-2020-10-26-at-21.11.05.jpeg?w=1040&amp;ssl=1 1040w, https:\/\/i0.wp.com\/cdnoticias.com\/wp-content\/uploads\/2020\/10\/WhatsApp-Image-2020-10-26-at-21.11.05.jpeg?resize=300%2C225&amp;ssl=1 300w, https:\/\/i0.wp.com\/cdnoticias.com\/wp-content\/uploads\/2020\/10\/WhatsApp-Image-2020-10-26-at-21.11.05.jpeg?resize=768%2C576&amp;ssl=1 768w, https:\/\/i0.wp.com\/cdnoticias.com\/wp-content\/uploads\/2020\/10\/WhatsApp-Image-2020-10-26-at-21.11.05.jpeg?resize=1024%2C768&amp;ssl=1 1024w\" sizes=\"auto, (max-width: 800px) 100vw, 800px\" \/><\/p>\n<p>&nbsp;<\/p>\n<blockquote><p>Galli complement\u00f3: \u201cGerm\u00e1n tiene todo mi apoyo en seguir lineamientos legales. Si un tratamiento no est\u00e1 aprobado en Anmat no podemos utilizarlo\u201d. Se\u00f1al\u00f3 que los m\u00e9dicos del Hospital \u201cno pueden recetarlo\u201d.<\/p><\/blockquote>\n<p>&nbsp;<\/p>\n<p><strong>Explicaron la diferencia entre los hisopados (PCR) del Hospital Municipal y los que promueve el RTA (ant\u00edgeno)<\/strong>, adem\u00e1s de se\u00f1alar la <em>\u201cdisponibilidad horaria\u201d<\/em> que tienen las personas que tienen s\u00edntomas y buscan hisoparse. <strong><em>\u201cSi no tienen s\u00edntomas, no vayan a los RTA porque no los van a testear, dado que solo encuentra en pacientes sintom\u00e1ticos\u201d<\/em><\/strong> dijo Galli.<\/p>\n<p>&nbsp;<\/p>\n<p><img data-recalc-dims=\"1\" loading=\"lazy\" decoding=\"async\" class=\"alignnone size-full wp-image-4950\" src=\"https:\/\/i0.wp.com\/cdnoticias.com\/wp-content\/uploads\/2020\/10\/WhatsApp-Image-2020-10-26-at-21.14.49.jpeg?resize=800%2C594&#038;ssl=1\" alt=\"\" width=\"800\" height=\"594\" srcset=\"https:\/\/i0.wp.com\/cdnoticias.com\/wp-content\/uploads\/2020\/10\/WhatsApp-Image-2020-10-26-at-21.14.49.jpeg?w=1280&amp;ssl=1 1280w, https:\/\/i0.wp.com\/cdnoticias.com\/wp-content\/uploads\/2020\/10\/WhatsApp-Image-2020-10-26-at-21.14.49.jpeg?resize=300%2C223&amp;ssl=1 300w, https:\/\/i0.wp.com\/cdnoticias.com\/wp-content\/uploads\/2020\/10\/WhatsApp-Image-2020-10-26-at-21.14.49.jpeg?resize=768%2C570&amp;ssl=1 768w, https:\/\/i0.wp.com\/cdnoticias.com\/wp-content\/uploads\/2020\/10\/WhatsApp-Image-2020-10-26-at-21.14.49.jpeg?resize=1024%2C760&amp;ssl=1 1024w\" sizes=\"auto, (max-width: 800px) 100vw, 800px\" \/><\/p>\n<p>&nbsp;<\/p>\n<p><strong>Se\u00f1alaron que los pacientes positivos \u201cpor nexo\u201d se contemplan como positivos<\/strong> y que en este caso \u201cse llena la planilla correspondiente como positivo\u201d, aunque Caputo admiti\u00f3 que<em> \u201chay un porcentaje que se nos escapa\u201d.<\/em><\/p>\n","protected":false},"excerpt":{"rendered":"<p>En la ronda de preguntas de la conferencia de prensa, el Intendente explic\u00f3 las diferencias entre el hisopado PCR y<\/p>\n","protected":false},"author":2,"featured_media":4951,"comment_status":"closed","ping_status":"closed","sticky":false,"template":"","format":"standard","meta":{"_jetpack_memberships_contains_paid_content":false,"footnotes":""},"categories":[5,1],"tags":[],"class_list":["post-4964","post","type-post","status-publish","format-standard","has-post-thumbnail","hentry","category-informacion-general","category-portada"],"jetpack_featured_media_url":"https:\/\/i0.wp.com\/cdnoticias.com\/wp-content\/uploads\/2020\/10\/WhatsApp-Image-2020-10-26-at-21.20.38-1.jpeg?fit=1280%2C853&ssl=1","jetpack_sharing_enabled":true,"_links":{"self":[{"href":"https:\/\/cdnoticias.com\/index.php\/wp-json\/wp\/v2\/posts\/4964","targetHints":{"allow":["GET"]}}],"collection":[{"href":"https:\/\/cdnoticias.com\/index.php\/wp-json\/wp\/v2\/posts"}],"about":[{"href":"https:\/\/cdnoticias.com\/index.php\/wp-json\/wp\/v2\/types\/post"}],"author":[{"embeddable":true,"href":"https:\/\/cdnoticias.com\/index.php\/wp-json\/wp\/v2\/users\/2"}],"replies":[{"embeddable":true,"href":"https:\/\/cdnoticias.com\/index.php\/wp-json\/wp\/v2\/comments?post=4964"}],"version-history":[{"count":0,"href":"https:\/\/cdnoticias.com\/index.php\/wp-json\/wp\/v2\/posts\/4964\/revisions"}],"wp:featuredmedia":[{"embeddable":true,"href":"https:\/\/cdnoticias.com\/index.php\/wp-json\/wp\/v2\/media\/4951"}],"wp:attachment":[{"href":"https:\/\/cdnoticias.com\/index.php\/wp-json\/wp\/v2\/media?parent=4964"}],"wp:term":[{"taxonomy":"category","embeddable":true,"href":"https:\/\/cdnoticias.com\/index.php\/wp-json\/wp\/v2\/categories?post=4964"},{"taxonomy":"post_tag","embeddable":true,"href":"https:\/\/cdnoticias.com\/index.php\/wp-json\/wp\/v2\/tags?post=4964"}],"curies":[{"name":"wp","href":"https:\/\/api.w.org\/{rel}","templated":true}]}}