{"id":49635,"date":"2022-03-22T11:58:02","date_gmt":"2022-03-22T14:58:02","guid":{"rendered":"https:\/\/www.centraldenoticias.com.ar\/?p=49635"},"modified":"2022-03-22T11:58:02","modified_gmt":"2022-03-22T14:58:02","slug":"prendieron-fuego-juegos-de-ninos-en-el-parque-de-azul","status":"publish","type":"post","link":"https:\/\/cdnoticias.com\/index.php\/2022\/03\/22\/prendieron-fuego-juegos-de-ninos-en-el-parque-de-azul\/","title":{"rendered":"Prendieron fuego juegos de ni\u00f1os en el Parque de Azul"},"content":{"rendered":"<p>Fue en la noche del lunes. Una dotaci\u00f3n de Bomberos acudi\u00f3 de urgencia y el Municipio realiz\u00f3 una denuncia penal. <!--more--><\/p>\n<hr \/>\n<p>En la noche del lunes,<strong> personas que no fueron identificadas incendiaron juegos de una plaza ubicada en el Parque Sarmiento, en la vecina ciudad de Azul.<\/strong><\/p>\n<p>&nbsp;<\/p>\n<blockquote><p>Las llamas fueron importantes y derivaron en el urgente trabajo de Bomberos Voluntarios de dicha ciudad que lograron extinguir el foco \u00edgneo.<\/p><\/blockquote>\n<p>&nbsp;<\/p>\n<p>Desde el<strong> Municipio se realiz\u00f3 la denuncia policial para tratar de dar con los autores del hecho.<\/strong><\/p>\n<p>&nbsp;<\/p>\n<p><img data-recalc-dims=\"1\" loading=\"lazy\" decoding=\"async\" class=\"alignnone size-full wp-image-49637\" src=\"https:\/\/i0.wp.com\/cdnoticias.com\/wp-content\/uploads\/2022\/03\/1647913220.jpeg?resize=800%2C450&#038;ssl=1\" alt=\"\" width=\"800\" height=\"450\" srcset=\"https:\/\/i0.wp.com\/cdnoticias.com\/wp-content\/uploads\/2022\/03\/1647913220.jpeg?w=948&amp;ssl=1 948w, https:\/\/i0.wp.com\/cdnoticias.com\/wp-content\/uploads\/2022\/03\/1647913220.jpeg?resize=300%2C169&amp;ssl=1 300w, https:\/\/i0.wp.com\/cdnoticias.com\/wp-content\/uploads\/2022\/03\/1647913220.jpeg?resize=768%2C432&amp;ssl=1 768w\" sizes=\"auto, (max-width: 800px) 100vw, 800px\" \/><\/p>\n<p>&nbsp;<\/p>\n<p>Para ello, se inform\u00f3 que <strong>se analizar\u00e1n las c\u00e1maras de seguridad de toda la zona<\/strong> con el fin esclarecer este terrible hecho que, <em>\u201cpor suerte no tuvo que lamentar personas heridas, pero que demuestra una desaprensi\u00f3n con los espacios p\u00fablicos de todos los vecinos y vecinas de Azul\u201d<\/em> indicaron.<\/p>\n<p>&nbsp;<\/p>\n<p><em>Fotos e informaci\u00f3n: Diario El Tiempo de Azul<\/em><\/p>\n","protected":false},"excerpt":{"rendered":"<p>Fue en la noche del lunes. Una dotaci\u00f3n de Bomberos acudi\u00f3 de urgencia y el Municipio realiz\u00f3 una denuncia penal.<\/p>\n","protected":false},"author":2,"featured_media":49636,"comment_status":"closed","ping_status":"closed","sticky":false,"template":"","format":"standard","meta":{"_jetpack_memberships_contains_paid_content":false,"footnotes":""},"categories":[6,1],"tags":[],"class_list":["post-49635","post","type-post","status-publish","format-standard","has-post-thumbnail","hentry","category-nacionales","category-portada"],"jetpack_featured_media_url":"https:\/\/i0.wp.com\/cdnoticias.com\/wp-content\/uploads\/2022\/03\/1647913203.jpeg?fit=948%2C533&ssl=1","jetpack_sharing_enabled":true,"_links":{"self":[{"href":"https:\/\/cdnoticias.com\/index.php\/wp-json\/wp\/v2\/posts\/49635","targetHints":{"allow":["GET"]}}],"collection":[{"href":"https:\/\/cdnoticias.com\/index.php\/wp-json\/wp\/v2\/posts"}],"about":[{"href":"https:\/\/cdnoticias.com\/index.php\/wp-json\/wp\/v2\/types\/post"}],"author":[{"embeddable":true,"href":"https:\/\/cdnoticias.com\/index.php\/wp-json\/wp\/v2\/users\/2"}],"replies":[{"embeddable":true,"href":"https:\/\/cdnoticias.com\/index.php\/wp-json\/wp\/v2\/comments?post=49635"}],"version-history":[{"count":0,"href":"https:\/\/cdnoticias.com\/index.php\/wp-json\/wp\/v2\/posts\/49635\/revisions"}],"wp:featuredmedia":[{"embeddable":true,"href":"https:\/\/cdnoticias.com\/index.php\/wp-json\/wp\/v2\/media\/49636"}],"wp:attachment":[{"href":"https:\/\/cdnoticias.com\/index.php\/wp-json\/wp\/v2\/media?parent=49635"}],"wp:term":[{"taxonomy":"category","embeddable":true,"href":"https:\/\/cdnoticias.com\/index.php\/wp-json\/wp\/v2\/categories?post=49635"},{"taxonomy":"post_tag","embeddable":true,"href":"https:\/\/cdnoticias.com\/index.php\/wp-json\/wp\/v2\/tags?post=49635"}],"curies":[{"name":"wp","href":"https:\/\/api.w.org\/{rel}","templated":true}]}}