{"id":49624,"date":"2022-03-22T09:45:15","date_gmt":"2022-03-22T12:45:15","guid":{"rendered":"https:\/\/www.centraldenoticias.com.ar\/?p=49624"},"modified":"2022-03-22T10:12:31","modified_gmt":"2022-03-22T13:12:31","slug":"por-unanimidad-convalidaron-la-licitacion-del-transporte-interurbano-de-olavarria","status":"publish","type":"post","link":"https:\/\/cdnoticias.com\/index.php\/2022\/03\/22\/por-unanimidad-convalidaron-la-licitacion-del-transporte-interurbano-de-olavarria\/","title":{"rendered":"Por unanimidad, convalidaron la licitaci\u00f3n del Transporte Interurbano de Olavarr\u00eda"},"content":{"rendered":"<p>Fue votado por los concejales del HCD. Valoraron el trabajo en conjunto en las comisiones y durante todo el proceso. <strong>Pidieron ser \u201cexigentes en los controles\u201d.\u00a0\u00a0<\/strong><!--more--><\/p>\n<hr \/>\n<p>En la ma\u00f1ana de este viernes, <strong>el Concejo Deliberante<\/strong> en su segunda sesi\u00f3n ordinaria <strong>aprob\u00f3, por unanimidad, la convalidaci\u00f3n de la licitaci\u00f3n del Transporte Interurbano de Olavarr\u00eda. Es decir, tanto el Ejecutivo como el Legislativo aprobaron que \u201cLas Sierras de Olavarr\u00eda\u201d gestione los destinos del transporte por los pr\u00f3ximos 12 a\u00f1os.<\/strong><\/p>\n<p>&nbsp;<\/p>\n<p>En palabras de la edil <strong>Guillermina Amespil (Juntos)<\/strong> se valor\u00f3 el trabajo y <strong>el rol que tuvo el Concejo Deliberante durante este proyecto<\/strong> y destac\u00f3 que <em><strong>\u201cla gente quiere viajar bien y segura, pagar el boleto y viajar en unidades que tengan m\u00e1s que lo m\u00ednimo e indispensable\u201d.<\/strong><\/em><\/p>\n<p>&nbsp;<\/p>\n<p>En este sentido destac\u00f3 que la empresa <em>\u201cincorpora m\u00f3viles adaptados para personas con movilidad reducida\u201d<\/em> y admiti\u00f3 que <em>\u201cel sistema de transporte no tiene su mejor \u00e9poca, en pandemia fue uno de los rubros que m\u00e1s sufrieron\u201d.<\/em> Sin embargo<strong><em> \u201ca la licitaci\u00f3n se presentaron tres empresas locales. Habla de un compromiso especial con los vecinos, fue algo muy bueno de saber\u201d.<\/em><\/strong><\/p>\n<p>&nbsp;<\/p>\n<blockquote><p><em>\u201cLa condici\u00f3n era que la plantilla de operarios continuara en la nueva concesi\u00f3n, son cerca de 30 empleados que prestan el servicio y podr\u00e1n continuar con su puesto laboral\u201d<\/em> indic\u00f3.<\/p><\/blockquote>\n<p>&nbsp;<\/p>\n<p>Adem\u00e1s, destac\u00f3 que <em>\u201ces una sociedad laboral nueva pero que tienen experiencia en el rubro, la familia Da Silva. La expectativa es grande. Pasaron much\u00edsimos a\u00f1os de la anterior concesi\u00f3n. <strong>El deseo es que realmente sea un gran servicio para los vecinos de las localidades, acordes al valor del boleto que se va a abonar\u201d.<\/strong><\/em><\/p>\n<p>&nbsp;<\/p>\n<p>Confirm\u00f3 en este sentido que <em>\u201ctambi\u00e9n contar\u00e1 con la tarifa social\u201d<\/em> y que <strong>tras el an\u00e1lisis en dos oportunidades del proyecto <em>\u201cestamos en condiciones de acompa\u00f1ar, de respaldar\u201d.<\/em><\/strong><\/p>\n<p>&nbsp;<\/p>\n<blockquote><p><em>\u201cEs un servicio que tenemos que seguir para ver las condiciones en las que se presta el servicio<\/em>\u201d y que<em> \u201chubo aportes de distintos concejales para hacer el mejor pliego y as\u00ed recibir la mejor oferta posible\u201d.<\/em><\/p><\/blockquote>\n<p>&nbsp;<\/p>\n<p><strong>Celeste Arouxet (Ahora Olavarr\u00eda)<\/strong> resalt\u00f3 que tras la discusi\u00f3n de esta propuesta <em>\u201cse est\u00e1 logrando un primer paso para lo que pedimos, que es di\u00e1logo y consenso entre los bloques. Cuando las cosas se hacen bien hay que destacarlas. Hubo un error que pudo afectar lo patrimonial y se corrigi\u00f3 desde Hacienda y el \u00e1rea de Legales\u201d.<\/em><\/p>\n<p>&nbsp;<\/p>\n<p><img data-recalc-dims=\"1\" loading=\"lazy\" decoding=\"async\" class=\"alignnone size-large wp-image-49625\" src=\"https:\/\/i0.wp.com\/cdnoticias.com\/wp-content\/uploads\/2022\/03\/WhatsApp-Image-2022-03-22-at-09.30.43-1.jpeg?resize=800%2C520&#038;ssl=1\" alt=\"\" width=\"800\" height=\"520\" srcset=\"https:\/\/i0.wp.com\/cdnoticias.com\/wp-content\/uploads\/2022\/03\/WhatsApp-Image-2022-03-22-at-09.30.43-1.jpeg?resize=1024%2C666&amp;ssl=1 1024w, https:\/\/i0.wp.com\/cdnoticias.com\/wp-content\/uploads\/2022\/03\/WhatsApp-Image-2022-03-22-at-09.30.43-1.jpeg?resize=300%2C195&amp;ssl=1 300w, https:\/\/i0.wp.com\/cdnoticias.com\/wp-content\/uploads\/2022\/03\/WhatsApp-Image-2022-03-22-at-09.30.43-1.jpeg?resize=768%2C500&amp;ssl=1 768w, https:\/\/i0.wp.com\/cdnoticias.com\/wp-content\/uploads\/2022\/03\/WhatsApp-Image-2022-03-22-at-09.30.43-1.jpeg?w=1280&amp;ssl=1 1280w\" sizes=\"auto, (max-width: 800px) 100vw, 800px\" \/><\/p>\n<p>&nbsp;<\/p>\n<p>Hubo un <strong><em>\u201ccompromiso y humildad con la que se trabaj\u00f3 este expediente\u201d<\/em><\/strong> seg\u00fan Arouxet y se\u00f1al\u00f3 que se incorpor\u00f3 desde la oposici\u00f3n <em>\u201cun art\u00edculo en la ordenanza donde pedimos que cada seis meses tengamos la documentaci\u00f3n del an\u00e1lisis de mayores costos, recibos de haberes, toda la documentaci\u00f3n que acompa\u00f1e y respalde al Municipio que es responsable solidario de la gesti\u00f3n del transporte\u201d.<\/em><\/p>\n<p>&nbsp;<\/p>\n<p>Para cerrar, se\u00f1al\u00f3 que es <em>\u201cuna forma de trabajo que tenemos que ir para mejorar la calidad de vida de los vecinos\u201d.<\/em><\/p>\n<p>&nbsp;<\/p>\n<p>Finalmente,<strong> Juan S\u00e1nchez tambi\u00e9n tuvo valoraci\u00f3n sobre el trabajo en la elaboraci\u00f3n de esta propuesta<\/strong> y dijo que <em>\u201cme parece oportuno destacar que la informaci\u00f3n lleg\u00f3 r\u00e1pido. La licitaci\u00f3n anterior ese pedido tard\u00f3 dos a\u00f1os. Tambi\u00e9n me parece oportuno que el tratamiento sea r\u00e1pido para resguardar las posibilidades econ\u00f3micas de los trabajadores ante una debacle econ\u00f3mica de las empresas si no tienen el respaldo patrimonial\u201d.<\/em><\/p>\n<p>&nbsp;<\/p>\n<p><img data-recalc-dims=\"1\" loading=\"lazy\" decoding=\"async\" class=\"alignnone size-large wp-image-49627\" src=\"https:\/\/i0.wp.com\/cdnoticias.com\/wp-content\/uploads\/2022\/03\/WhatsApp-Image-2022-03-22-at-09.30.41-1.jpeg?resize=800%2C489&#038;ssl=1\" alt=\"\" width=\"800\" height=\"489\" srcset=\"https:\/\/i0.wp.com\/cdnoticias.com\/wp-content\/uploads\/2022\/03\/WhatsApp-Image-2022-03-22-at-09.30.41-1.jpeg?resize=1024%2C626&amp;ssl=1 1024w, https:\/\/i0.wp.com\/cdnoticias.com\/wp-content\/uploads\/2022\/03\/WhatsApp-Image-2022-03-22-at-09.30.41-1.jpeg?resize=300%2C184&amp;ssl=1 300w, https:\/\/i0.wp.com\/cdnoticias.com\/wp-content\/uploads\/2022\/03\/WhatsApp-Image-2022-03-22-at-09.30.41-1.jpeg?resize=768%2C470&amp;ssl=1 768w, https:\/\/i0.wp.com\/cdnoticias.com\/wp-content\/uploads\/2022\/03\/WhatsApp-Image-2022-03-22-at-09.30.41-1.jpeg?w=1280&amp;ssl=1 1280w\" sizes=\"auto, (max-width: 800px) 100vw, 800px\" \/><\/p>\n<p>&nbsp;<\/p>\n<p>Como ejemplo comparativo, utiliz\u00f3 <strong><em>\u201cel Matadero Municipal, que los trabajadores quedaron completamente desamparados. Siempre es bueno tomar resguardos\u201d.<\/em><\/strong><\/p>\n<p>&nbsp;<\/p>\n<p>Si bien admiti\u00f3 que <em>\u201cpodr\u00edan haber ido\u201d,<\/em> S\u00e1nchez recalc\u00f3 que <em>\u201cdebimos haber invitado a los titulares de la empresa ganadora, que hayan estado ac\u00e1. Un poco para informarles que en la ordenanza estamos resguardando los derechos de los trabajadores que son traspasados. Pero tambi\u00e9n velamos y hacemos hincapi\u00e9 y desde ahora vamos a poner el ojo en que los trabajadores de la empresa preexistente no sean tambi\u00e9n despedidos\u201d.<\/em><\/p>\n<p>&nbsp;<\/p>\n<p>Indic\u00f3 que hubo un buen trabajo con el oficialismo <em>\u201cm\u00e1s all\u00e1 de que no quisieron acompa\u00f1ar el art\u00edculo en que ped\u00edamos que no haya un monopolio en los dos servicios de transporte locales\u201d<\/em> y tambi\u00e9n hizo especial pedido en<strong><em> \u201cprofundizar los controles para que el servicio sea de la calidad que merecen los vecinos que tantos a\u00f1os esperaron mejoras\u201d.<\/em><\/strong><\/p>\n<p>&nbsp;<\/p>\n<p><img data-recalc-dims=\"1\" loading=\"lazy\" decoding=\"async\" class=\"alignnone size-large wp-image-49628\" src=\"https:\/\/i0.wp.com\/cdnoticias.com\/wp-content\/uploads\/2022\/03\/WhatsApp-Image-2022-03-22-at-09.30.41.jpeg?resize=800%2C474&#038;ssl=1\" alt=\"\" width=\"800\" height=\"474\" srcset=\"https:\/\/i0.wp.com\/cdnoticias.com\/wp-content\/uploads\/2022\/03\/WhatsApp-Image-2022-03-22-at-09.30.41.jpeg?resize=1024%2C607&amp;ssl=1 1024w, https:\/\/i0.wp.com\/cdnoticias.com\/wp-content\/uploads\/2022\/03\/WhatsApp-Image-2022-03-22-at-09.30.41.jpeg?resize=300%2C178&amp;ssl=1 300w, https:\/\/i0.wp.com\/cdnoticias.com\/wp-content\/uploads\/2022\/03\/WhatsApp-Image-2022-03-22-at-09.30.41.jpeg?resize=768%2C455&amp;ssl=1 768w, https:\/\/i0.wp.com\/cdnoticias.com\/wp-content\/uploads\/2022\/03\/WhatsApp-Image-2022-03-22-at-09.30.41.jpeg?w=1280&amp;ssl=1 1280w\" sizes=\"auto, (max-width: 800px) 100vw, 800px\" \/><\/p>\n<p>&nbsp;<\/p>\n<p>Al momento de levantar las manos, <strong>hubo completa unanimidad y el proyecto de acompa\u00f1amiento tuvo el apoyo pleno de oficialismo y oposici\u00f3n<\/strong>. De esta forma, \u201cLas Sierras de Olavarr\u00eda\u201d comenzar\u00e1 a trabajar en poco m\u00e1s de un mes en nuestra ciudad.<\/p>\n","protected":false},"excerpt":{"rendered":"<p>Fue votado por los concejales del HCD. Valoraron el trabajo en conjunto en las comisiones y durante todo el proceso.<\/p>\n","protected":false},"author":2,"featured_media":49626,"comment_status":"closed","ping_status":"closed","sticky":false,"template":"","format":"standard","meta":{"_jetpack_memberships_contains_paid_content":false,"footnotes":""},"categories":[5,1],"tags":[],"class_list":["post-49624","post","type-post","status-publish","format-standard","has-post-thumbnail","hentry","category-informacion-general","category-portada"],"jetpack_featured_media_url":"https:\/\/i0.wp.com\/cdnoticias.com\/wp-content\/uploads\/2022\/03\/WhatsApp-Image-2022-03-22-at-09.30.43.jpeg?fit=1179%2C869&ssl=1","jetpack_sharing_enabled":true,"_links":{"self":[{"href":"https:\/\/cdnoticias.com\/index.php\/wp-json\/wp\/v2\/posts\/49624","targetHints":{"allow":["GET"]}}],"collection":[{"href":"https:\/\/cdnoticias.com\/index.php\/wp-json\/wp\/v2\/posts"}],"about":[{"href":"https:\/\/cdnoticias.com\/index.php\/wp-json\/wp\/v2\/types\/post"}],"author":[{"embeddable":true,"href":"https:\/\/cdnoticias.com\/index.php\/wp-json\/wp\/v2\/users\/2"}],"replies":[{"embeddable":true,"href":"https:\/\/cdnoticias.com\/index.php\/wp-json\/wp\/v2\/comments?post=49624"}],"version-history":[{"count":0,"href":"https:\/\/cdnoticias.com\/index.php\/wp-json\/wp\/v2\/posts\/49624\/revisions"}],"wp:featuredmedia":[{"embeddable":true,"href":"https:\/\/cdnoticias.com\/index.php\/wp-json\/wp\/v2\/media\/49626"}],"wp:attachment":[{"href":"https:\/\/cdnoticias.com\/index.php\/wp-json\/wp\/v2\/media?parent=49624"}],"wp:term":[{"taxonomy":"category","embeddable":true,"href":"https:\/\/cdnoticias.com\/index.php\/wp-json\/wp\/v2\/categories?post=49624"},{"taxonomy":"post_tag","embeddable":true,"href":"https:\/\/cdnoticias.com\/index.php\/wp-json\/wp\/v2\/tags?post=49624"}],"curies":[{"name":"wp","href":"https:\/\/api.w.org\/{rel}","templated":true}]}}