{"id":49619,"date":"2022-03-22T08:22:35","date_gmt":"2022-03-22T11:22:35","guid":{"rendered":"https:\/\/www.centraldenoticias.com.ar\/?p=49619"},"modified":"2022-03-22T08:22:35","modified_gmt":"2022-03-22T11:22:35","slug":"teresa-dora-calzon-viuda-de-marchioni-dorita-q-e-p-d","status":"publish","type":"post","link":"https:\/\/cdnoticias.com\/index.php\/2022\/03\/22\/teresa-dora-calzon-viuda-de-marchioni-dorita-q-e-p-d\/","title":{"rendered":"Teresa Dora Calzon viuda de Marchioni \u201cDorita\u201d (Q.E.P.D.)"},"content":{"rendered":"<p>Falleci\u00f3 en Olavarr\u00eda el 22 de marzo de 2022 a los 92 a\u00f1os. Su hijo Marcelo Armando Marchioni; sus hermanos pol\u00edticos Emilse Spinella de Calz\u00f3n y Julio Marchioni; sus sobrinos Adriana y Javier; sus sobrinos pol\u00edticos; su prima Elsita; sus queridas cuidadoras M\u00f3nica, Elsa, Sandra y Esther; sus grandes amigas Mabel Colazurdo e Idilia Vivineto y dem\u00e1s deudos participan su fallecimiento.<\/p>\n<p>&nbsp;<\/p>\n<p>Sus restos ser\u00e1n inhumados en el Cementerio Loma de Paz este martes a las 15:30 horas. Servicio adherido a Coopelectric.<\/p>\n<p>&nbsp;<\/p>\n<p>Nacida en Olavarr\u00eda, vecina de Mariano Moreno, docente Jubilada de las Escuelas Primarias Nro. 8, Nro. 53 y del Jard\u00edn de Infantes Nro. 2.<\/p>\n","protected":false},"excerpt":{"rendered":"<p>Falleci\u00f3 en Olavarr\u00eda el 22 de marzo de 2022 a los 92 a\u00f1os. Su hijo Marcelo Armando Marchioni; sus hermanos<\/p>\n","protected":false},"author":2,"featured_media":0,"comment_status":"closed","ping_status":"closed","sticky":false,"template":"","format":"standard","meta":{"_jetpack_memberships_contains_paid_content":false,"footnotes":""},"categories":[10],"tags":[],"class_list":["post-49619","post","type-post","status-publish","format-standard","hentry","category-necrologicas"],"jetpack_featured_media_url":"","jetpack_sharing_enabled":true,"_links":{"self":[{"href":"https:\/\/cdnoticias.com\/index.php\/wp-json\/wp\/v2\/posts\/49619","targetHints":{"allow":["GET"]}}],"collection":[{"href":"https:\/\/cdnoticias.com\/index.php\/wp-json\/wp\/v2\/posts"}],"about":[{"href":"https:\/\/cdnoticias.com\/index.php\/wp-json\/wp\/v2\/types\/post"}],"author":[{"embeddable":true,"href":"https:\/\/cdnoticias.com\/index.php\/wp-json\/wp\/v2\/users\/2"}],"replies":[{"embeddable":true,"href":"https:\/\/cdnoticias.com\/index.php\/wp-json\/wp\/v2\/comments?post=49619"}],"version-history":[{"count":0,"href":"https:\/\/cdnoticias.com\/index.php\/wp-json\/wp\/v2\/posts\/49619\/revisions"}],"wp:attachment":[{"href":"https:\/\/cdnoticias.com\/index.php\/wp-json\/wp\/v2\/media?parent=49619"}],"wp:term":[{"taxonomy":"category","embeddable":true,"href":"https:\/\/cdnoticias.com\/index.php\/wp-json\/wp\/v2\/categories?post=49619"},{"taxonomy":"post_tag","embeddable":true,"href":"https:\/\/cdnoticias.com\/index.php\/wp-json\/wp\/v2\/tags?post=49619"}],"curies":[{"name":"wp","href":"https:\/\/api.w.org\/{rel}","templated":true}]}}