{"id":49607,"date":"2022-03-22T08:01:58","date_gmt":"2022-03-22T11:01:58","guid":{"rendered":"https:\/\/www.centraldenoticias.com.ar\/?p=49607"},"modified":"2022-03-22T09:48:13","modified_gmt":"2022-03-22T12:48:13","slug":"emitieron-un-alerta-urgente-por-secuestros-virtuales","status":"publish","type":"post","link":"https:\/\/cdnoticias.com\/index.php\/2022\/03\/22\/emitieron-un-alerta-urgente-por-secuestros-virtuales\/","title":{"rendered":"Emitieron un alerta &#8220;urgente&#8221; por secuestros virtuales"},"content":{"rendered":"<p>Fue divulgado desde la SubDDI local a partir del registro de varios hechos de estas caracter\u00edsticas.<!--more--><\/p>\n<hr \/>\n<p>En la jornada de este lunes la SubDDI local emiti\u00f3 una nueva comunicaci\u00f3n para alertar a la comunidad ante el r<strong>egistro de varios hechos de secuestros extorsivos virtuales, una modalidad tan frecuente como preocupante.<\/strong><\/p>\n<p>&nbsp;<\/p>\n<p><strong>El alerta fue catalogado de car\u00e1cter \u201curgente\u201d<\/strong> para evitar m\u00e1s v\u00edctimas de este tipo de delitos. Inclusive se realiz\u00f3 una descripci\u00f3n de la modalidad para que los vecinos y vecinas puedan advertir a tiempo este tipo de enga\u00f1os. \u201cSe efect\u00faa mediante<strong> enga\u00f1o telef\u00f3nico, se le intenta hacer creer a la v\u00edctima que un familiar cercano est\u00e1 siendo secuestrado o\u00a0 robado<\/strong>, amenazando con que atentaran contra su integridad f\u00edsica o su vida, y que esto ocurrir\u00e1 si no se hace entrega de una suma de dinero en forma inmediata\u201d, se narr\u00f3.<\/p>\n<p>&nbsp;<\/p>\n<p><img data-recalc-dims=\"1\" loading=\"lazy\" decoding=\"async\" class=\"alignnone size-large wp-image-15272\" src=\"https:\/\/i0.wp.com\/cdnoticias.com\/wp-content\/uploads\/2021\/03\/WhatsApp-Image-2021-03-03-at-22.50.49-e1624558851364-1024x607.jpeg?resize=800%2C474&#038;ssl=1\" alt=\"\" width=\"800\" height=\"474\" srcset=\"https:\/\/i0.wp.com\/cdnoticias.com\/wp-content\/uploads\/2021\/03\/WhatsApp-Image-2021-03-03-at-22.50.49-e1624558851364.jpeg?resize=1024%2C607&amp;ssl=1 1024w, https:\/\/i0.wp.com\/cdnoticias.com\/wp-content\/uploads\/2021\/03\/WhatsApp-Image-2021-03-03-at-22.50.49-e1624558851364.jpeg?resize=300%2C178&amp;ssl=1 300w, https:\/\/i0.wp.com\/cdnoticias.com\/wp-content\/uploads\/2021\/03\/WhatsApp-Image-2021-03-03-at-22.50.49-e1624558851364.jpeg?resize=768%2C455&amp;ssl=1 768w, https:\/\/i0.wp.com\/cdnoticias.com\/wp-content\/uploads\/2021\/03\/WhatsApp-Image-2021-03-03-at-22.50.49-e1624558851364.jpeg?w=1029&amp;ssl=1 1029w\" sizes=\"auto, (max-width: 800px) 100vw, 800px\" \/><\/p>\n<p>&nbsp;<\/p>\n<p>A la par se detall\u00f3 que <strong>la entrega del rescate se realice \u201cen determinado lugar habitualmente en inmediaciones del domicilio\u201d<\/strong>, como por ejemplo en la vereda o junto a la basura. \u201cEn todas las modalidades<strong> solicitan a sus v\u00edctimas no corten la comunicaci\u00f3n evitando de esta manera que puedan pensar o constatar la informaci\u00f3n que es totalmente falsa y con fines extorsivos\u201d<\/strong>, a\u00f1adieron.<\/p>\n<p>&nbsp;<\/p>\n<p>Por \u00faltimo, expresaron que los delincuentes <strong>\u201cpueden contar incluso con alg\u00fan dato que pueden mencionar respecto de la persona supuestamente secuestrada (nombre, sobrenombre, apellido)<\/strong> o incluso de la v\u00edctima a la que se est\u00e1 queriendo enga\u00f1ar\u201d.\u00a0 Ante una situaci\u00f3n de estas caracter\u00edsticas se pide no brindar ning\u00fan tipo de dato personal y cortar la comunicaci\u00f3n, para luego dar aviso al servicio de emergencias (911).<\/p>\n","protected":false},"excerpt":{"rendered":"<p>Fue divulgado desde la SubDDI local a partir del registro de varios hechos de estas caracter\u00edsticas.<\/p>\n","protected":false},"author":3,"featured_media":27107,"comment_status":"closed","ping_status":"closed","sticky":false,"template":"","format":"standard","meta":{"_jetpack_memberships_contains_paid_content":false,"footnotes":""},"categories":[14,1],"tags":[],"class_list":["post-49607","post","type-post","status-publish","format-standard","has-post-thumbnail","hentry","category-policiales","category-portada"],"jetpack_featured_media_url":"https:\/\/i0.wp.com\/cdnoticias.com\/wp-content\/uploads\/2021\/07\/DEF-Portada.jpg?fit=1920%2C1080&ssl=1","jetpack_sharing_enabled":true,"_links":{"self":[{"href":"https:\/\/cdnoticias.com\/index.php\/wp-json\/wp\/v2\/posts\/49607","targetHints":{"allow":["GET"]}}],"collection":[{"href":"https:\/\/cdnoticias.com\/index.php\/wp-json\/wp\/v2\/posts"}],"about":[{"href":"https:\/\/cdnoticias.com\/index.php\/wp-json\/wp\/v2\/types\/post"}],"author":[{"embeddable":true,"href":"https:\/\/cdnoticias.com\/index.php\/wp-json\/wp\/v2\/users\/3"}],"replies":[{"embeddable":true,"href":"https:\/\/cdnoticias.com\/index.php\/wp-json\/wp\/v2\/comments?post=49607"}],"version-history":[{"count":0,"href":"https:\/\/cdnoticias.com\/index.php\/wp-json\/wp\/v2\/posts\/49607\/revisions"}],"wp:featuredmedia":[{"embeddable":true,"href":"https:\/\/cdnoticias.com\/index.php\/wp-json\/wp\/v2\/media\/27107"}],"wp:attachment":[{"href":"https:\/\/cdnoticias.com\/index.php\/wp-json\/wp\/v2\/media?parent=49607"}],"wp:term":[{"taxonomy":"category","embeddable":true,"href":"https:\/\/cdnoticias.com\/index.php\/wp-json\/wp\/v2\/categories?post=49607"},{"taxonomy":"post_tag","embeddable":true,"href":"https:\/\/cdnoticias.com\/index.php\/wp-json\/wp\/v2\/tags?post=49607"}],"curies":[{"name":"wp","href":"https:\/\/api.w.org\/{rel}","templated":true}]}}