{"id":49579,"date":"2022-03-22T17:48:03","date_gmt":"2022-03-22T20:48:03","guid":{"rendered":"https:\/\/www.centraldenoticias.com.ar\/?p=49579"},"modified":"2022-03-22T17:48:03","modified_gmt":"2022-03-22T20:48:03","slug":"marzo-por-la-memoria-propuestas-en-la-sede-olavarria-de-unicen","status":"publish","type":"post","link":"https:\/\/cdnoticias.com\/index.php\/2022\/03\/22\/marzo-por-la-memoria-propuestas-en-la-sede-olavarria-de-unicen\/","title":{"rendered":"\u201cMarzo por la Memoria\u201d: propuestas en la sede Olavarr\u00eda de UNICEN"},"content":{"rendered":"<p>La Facultad de Ciencias Sociales organiza distintas propuestas en conjunto con la Facultad de Ingenier\u00eda, Facultad de Ciencias de la Salud, Centro Cultural Universitario, Escuela Nacional Adolfo P\u00e9rez Esquivel y Jard\u00edn Maternal Upa La L\u00e1.<!--more--><\/p>\n<hr \/>\n<p>A 46 a\u00f1os del golpe de Estado que instaur\u00f3 en la Argentina la dictadura c\u00edvico-militar, la Facultad de Ciencias Sociales reafirma su compromiso en la promoci\u00f3n y defensa de los derechos humanos e invita a participar de una serie de actividades organizadas en el marco de<strong> \u201cMarzo por la Memoria\u201d.<\/strong><\/p>\n<p>&nbsp;<\/p>\n<p>Estas propuestas son coordinadas junto con las Facultades de Ingenier\u00eda y Ciencias de la Salud, el Centro Cultural Universitario, la Escuela Nacional Adolfo P\u00e9rez Esquivel y el Jard\u00edn Maternal Upa La L\u00e1; en articulaci\u00f3n con el Centro de Estudiantes de la FACSO, la Comisi\u00f3n de la Memoria Local, el \u00c1rea de Cultura UNICEN, el Programa Universidad en la C\u00e1rcel UNICEN y la Asociaci\u00f3n de Trabajadores de la Universidad del Centro de la Provincia de Buenos Aires (ATUNCPBA).<\/p>\n<p>&nbsp;<\/p>\n<p>En esta oportunidad las propuestas se vinculan con el<strong> juicio por delitos de lesa humanidad en el circuito represivo Sub Zona 12 (Azul-Tandil), tambi\u00e9n conocido como \u201cLa Huerta\u201d, que comenz\u00f3 en el mes de febrero en el Tribunal Oral Federal de Mar del Plata.<\/strong> En el mismo se juzga la participaci\u00f3n de 26 personas, entre militares, polic\u00edas, penitenciarios y civiles, en delitos contra un centenar de v\u00edctimas de la regi\u00f3n centro de la Provincia de Buenos Aires.<\/p>\n<p>&nbsp;<\/p>\n<p><strong>Cronograma<\/strong><\/p>\n<p>&nbsp;<\/p>\n<p><strong>-A partir del martes 22:<\/strong> Muestra \u201cIm\u00e1genes robadas, im\u00e1genes recuperadas\u201d del Museo de Arte y Memoria de la Comisi\u00f3n Provincial de la Memoria. La muestra se compone de una selecci\u00f3n de fotograf\u00edas del Archivo de la Direcci\u00f3n de Inteligencia de la Polic\u00eda Bonaerense (DIPPBA), que ilustran centenares de legajos. Fotos tomadas por los agentes de la DIPPBA, quienes marcaron, persiguieron y sentenciaron a militantes pol\u00edticos, sociales y gremiales. Fotos que se\u00f1alan a las v\u00edctimas, poniendo en foco los rostros, cuerpos, andares y pertenencias de miles de hombres y mujeres espiados y acechados durante m\u00e1s de medio siglo.<\/p>\n<p>Lugar: Edificio de Aulas Comunes, Complejo Universitario (Av. Del Valle 5737).<\/p>\n<p>Organizan: Facultad de Ingenier\u00eda, Facultad de Ciencias Sociales, Facultad de Ciencias de la Salud, Escuela Nacional Adolfo P\u00e9rez Esquivel y Jard\u00edn Maternal Upa La L\u00e1 de la UNICEN.<\/p>\n<p>&nbsp;<\/p>\n<p><strong>Mi\u00e9rcoles 23:<\/strong><\/p>\n<p>-Durante la ma\u00f1ana: Obra \u201cLa Memoria de las Cosas \u00bfC\u00f3mo guardamos la memoria?\u201d<\/p>\n<p>Lugar: Espacio de Memoria Monte Pelloni.<\/p>\n<p>Organiza: Centro Cultural Universitario.<\/p>\n<p>Adhieren: Comisi\u00f3n por la Memoria Local y Centro de Estudiantes de la FACSO.<\/p>\n<p>&nbsp;<\/p>\n<p><strong>-Visita al Espacio de Memoria y ex Centro Clandestino de Detenci\u00f3n Monte Pelloni.<\/strong> Estudiantes de la Facultad de Ciencias Sociales visitar\u00e1n el Espacio de Memoria y ex Centro Clandestino de Detenci\u00f3n Monte Pelloni. La propuesta busca que recorran el lugar donde se cometieron cr\u00edmenes de lesa humanidad durante la \u00faltima dictadura c\u00edvico militar ocurrida en nuestro pa\u00eds y reflexionen sobre lo ocurrido. La misma est\u00e1 institucionalizada por el Consejo Acad\u00e9mico de la FACSO.<\/p>\n<p>Organiza: Centro de Estudiantes de la FACSO en articulaci\u00f3n con la Comisi\u00f3n de la Memoria Local.<\/p>\n<p>&nbsp;<\/p>\n<p><strong>-Pa\u00f1uelos por la Memoria, Verdad y Justicia:<\/strong> Se descubrir\u00e1n placas conmemorativas bajo la consigna \u201c30 mil pa\u00f1uelos por la memoria\u201d. Los pa\u00f1uelos blancos, realizados con t\u00e9cnicas de mosaiquismo, fueron producidos como parte de un proyecto desde los espacios curriculares de Historia y Artes Visuales de segundo a\u00f1o de la Escuela Nacional Adolfo P\u00e9rez Esquivel (UNICEN), donde los y las estudiantes fueron hacedores, transformadores y multiplicadores de discursos est\u00e9ticos cargados de sentido.<\/p>\n<p>Lugar: Aulas universitarias en c\u00e1rceles del Servicio Penitenciario Bonaerense (UP N\u00ba 2, N\u00ba 27 y N\u00ba 38 de Sierra Chica y N\u00ba 7 y N\u00ba 52 de Azul).<\/p>\n<p>Organizan: Programa Universidad en la C\u00e1rcel, Secretar\u00eda de Extensi\u00f3n UNICEN, Centro Cultural Itinerante El Musguito, Facultad de Ciencias Sociales, Facultad de Derecho y Facultad de Arte.<\/p>\n<p>&nbsp;<\/p>\n<p><img data-recalc-dims=\"1\" loading=\"lazy\" decoding=\"async\" class=\"aligncenter size-full wp-image-49582\" src=\"https:\/\/i0.wp.com\/cdnoticias.com\/wp-content\/uploads\/2022\/03\/marzo.png?resize=800%2C1144&#038;ssl=1\" alt=\"\" width=\"800\" height=\"1144\" srcset=\"https:\/\/i0.wp.com\/cdnoticias.com\/wp-content\/uploads\/2022\/03\/marzo.png?w=1000&amp;ssl=1 1000w, https:\/\/i0.wp.com\/cdnoticias.com\/wp-content\/uploads\/2022\/03\/marzo.png?resize=210%2C300&amp;ssl=1 210w, https:\/\/i0.wp.com\/cdnoticias.com\/wp-content\/uploads\/2022\/03\/marzo.png?resize=716%2C1024&amp;ssl=1 716w, https:\/\/i0.wp.com\/cdnoticias.com\/wp-content\/uploads\/2022\/03\/marzo.png?resize=768%2C1098&amp;ssl=1 768w\" sizes=\"auto, (max-width: 800px) 100vw, 800px\" \/><\/p>\n<p>&nbsp;<\/p>\n<p><strong>-Viernes 25 a partir de las 10 horas:<\/strong> Jornada de cierre y puesta en com\u00fan \u201cSeamos MEMORIA en la CALLE\u201d. Ser\u00e1 al aire libre con m\u00fasica, invitados\/as y actividades art\u00edsticas.<\/p>\n<p>Organiza: Escuela Nacional Adolfo P\u00e9rez Esquivel.<\/p>\n<p>&nbsp;<\/p>\n<p><strong>-Lunes 28 a las 18 horas:<\/strong> Obra de teatro \u201cMalas palabras\u201d. Sinopsis: Flor necesita una foto de cuando era beb\u00e9-beb\u00e9\u2026 pero en su casa no hay ninguna. A partir de ah\u00ed, ella, su amigo Pelos y sus pap\u00e1s nos van a contar su historia. Porque tienen algo muy importante que decir. Abordado desde el Teatro de Objetos, Malas Palabras habla sobre la familia, la amistad, la identidad y la ni\u00f1ez de forma tierna y divertida.<\/p>\n<p>Direcci\u00f3n de Marianela Vallazza y Gast\u00f3n Dubini; actuaci\u00f3n de Clara Giorgetti y asistencia de Catalina Land\u00edvar.<\/p>\n<p>Lugar: Complejo Universitario (Av. Del Valle 5737).<\/p>\n<p>Organizan: Facultad de Ciencias Sociales, Facultad de Ingenier\u00eda, Facultad de Ciencias de la Salud, Escuela Nacional Adolfo P\u00e9rez Esquivel y Jard\u00edn Maternal Upa La L\u00e1. Auspician: \u00c1rea de Cultura UNICEN y ATUNCPBA.<\/p>\n<p>&nbsp;<\/p>\n<p><strong>Otras actividades<\/strong><\/p>\n<p>&nbsp;<\/p>\n<p><strong>-Cobertura del Juicio por Delitos de Lesa Humanidad en el circuito represivo Sub Zona 12 (Azul-Tandil):<\/strong> los medios de comunicaci\u00f3n de la FACSO y la UNICEN realizan la cobertura de las audiencias del juicio oral y p\u00fablico que se desarrolla en Mar del Plata, por los delitos de lesa humanidad cometidos en Tandil y Azul en la \u00faltima dictadura c\u00edvico militar contra m\u00e1s de 100 v\u00edctimas de Olavarr\u00eda, Azul y Tandil, entre otras ciudades.<\/p>\n<p>La cobertura es realizada a trav\u00e9s de Agencia Comunica y Radio Universidad FM 90.1 de la FACSO y la Productora Abra TV UNICEN.<\/p>\n<p>&nbsp;<\/p>\n<p><strong>-Participaci\u00f3n de docentes y estudiantes sede Olavarr\u00eda UNICEN<\/strong> en la Capacitaci\u00f3n sobre herramientas Wikimedia para proyectos educativos sobre derechos humanos. En el caso de la Escuela Nacional Adolfo P\u00e9rez Esquivel, lo har\u00e1 a fin de acompa\u00f1ar los proyectos del Programa J\u00f3venes y Memoria dependiente de la Comisi\u00f3n Provincial de la Memoria.<\/p>\n<p>Organiza: Facultad de Ciencias Exactas UNICEN.<\/p>\n<p>&nbsp;<\/p>\n<p><strong>-XXI Convocatoria \u201cSembremos Memoria. Conquistemos Derechos\u201d de la Comisi\u00f3n Provincial de la Memoria:<\/strong> la Escuela Nacional Adolfo P\u00e9rez Esquivel participa de la difusi\u00f3n y realiza las inscripciones. Este programa, convoca a las nuevas generaciones a ejercer su ciudadan\u00eda activando la memoria de su historia, elaborando identidades, registrando y denunciando las injusticias, demandando por ellas y asumi\u00e9ndose como sujetos activos en el marco del proceso hist\u00f3rico que los constituye. En \u00e9l, los\/as j\u00f3venes pueden desarrollar esta mirada para investigar, visibilizar, denunciar, proponer, comunicar y difundir esas injusticias presentes y pasadas que han agraviado a su comunidad, como as\u00ed tambi\u00e9n esas experiencias de organizaci\u00f3n y lucha que las han enfrentado y las enfrentan en el territorio donde viven.<\/p>\n<p>&nbsp;<\/p>\n","protected":false},"excerpt":{"rendered":"<p>La Facultad de Ciencias Sociales organiza distintas propuestas en conjunto con la Facultad de Ingenier\u00eda, Facultad de Ciencias de la<\/p>\n","protected":false},"author":5,"featured_media":49583,"comment_status":"closed","ping_status":"closed","sticky":false,"template":"","format":"standard","meta":{"_jetpack_memberships_contains_paid_content":false,"footnotes":""},"categories":[5,1],"tags":[],"class_list":["post-49579","post","type-post","status-publish","format-standard","has-post-thumbnail","hentry","category-informacion-general","category-portada"],"jetpack_featured_media_url":"https:\/\/i0.wp.com\/cdnoticias.com\/wp-content\/uploads\/2022\/03\/marzo2.jpg?fit=1000%2C627&ssl=1","jetpack_sharing_enabled":true,"_links":{"self":[{"href":"https:\/\/cdnoticias.com\/index.php\/wp-json\/wp\/v2\/posts\/49579","targetHints":{"allow":["GET"]}}],"collection":[{"href":"https:\/\/cdnoticias.com\/index.php\/wp-json\/wp\/v2\/posts"}],"about":[{"href":"https:\/\/cdnoticias.com\/index.php\/wp-json\/wp\/v2\/types\/post"}],"author":[{"embeddable":true,"href":"https:\/\/cdnoticias.com\/index.php\/wp-json\/wp\/v2\/users\/5"}],"replies":[{"embeddable":true,"href":"https:\/\/cdnoticias.com\/index.php\/wp-json\/wp\/v2\/comments?post=49579"}],"version-history":[{"count":0,"href":"https:\/\/cdnoticias.com\/index.php\/wp-json\/wp\/v2\/posts\/49579\/revisions"}],"wp:featuredmedia":[{"embeddable":true,"href":"https:\/\/cdnoticias.com\/index.php\/wp-json\/wp\/v2\/media\/49583"}],"wp:attachment":[{"href":"https:\/\/cdnoticias.com\/index.php\/wp-json\/wp\/v2\/media?parent=49579"}],"wp:term":[{"taxonomy":"category","embeddable":true,"href":"https:\/\/cdnoticias.com\/index.php\/wp-json\/wp\/v2\/categories?post=49579"},{"taxonomy":"post_tag","embeddable":true,"href":"https:\/\/cdnoticias.com\/index.php\/wp-json\/wp\/v2\/tags?post=49579"}],"curies":[{"name":"wp","href":"https:\/\/api.w.org\/{rel}","templated":true}]}}