{"id":49560,"date":"2022-03-21T14:43:20","date_gmt":"2022-03-21T17:43:20","guid":{"rendered":"https:\/\/www.centraldenoticias.com.ar\/?p=49560"},"modified":"2022-03-21T20:02:50","modified_gmt":"2022-03-21T23:02:50","slug":"giro-en-san-vicente-vamos-a-probar-que-pasa-si-agregamos-un-dia-mas-de-recoleccion","status":"publish","type":"post","link":"https:\/\/cdnoticias.com\/index.php\/2022\/03\/21\/giro-en-san-vicente-vamos-a-probar-que-pasa-si-agregamos-un-dia-mas-de-recoleccion\/","title":{"rendered":"GIRO en San Vicente: \u201cVamos a probar qu\u00e9 pasa si agregamos un d\u00eda m\u00e1s de recolecci\u00f3n\u201d"},"content":{"rendered":"<p>As\u00ed lo manifest\u00f3 la subsecretaria de Empresas e Inversiones Emilia D\u00edaz, luego de la preocupaci\u00f3n de algunos vecinos respecto a la frecuencia de recolecci\u00f3n dispuesta por el programa. Ser\u00e1 a partir del lunes 28 de marzo.<!--more--><\/p>\n<hr \/>\n<p>La prueba piloto de la Gesti\u00f3n Integral de Residuos Olavarr\u00eda (GIRO) se desarrolla en barrio San Vicente y seg\u00fan se inform\u00f3, \u201cpara facilitar la transici\u00f3n al h\u00e1bito de separar en el hogar y respetar la recolecci\u00f3n diferenciada, <strong>a partir del lunes 28 de marzo se modificar\u00e1 el sistema de recolecci\u00f3n incorporando una frecuencia m\u00e1s a la corriente de basura<\/strong>&#8220;.<\/p>\n<p>&nbsp;<\/p>\n<p>Ser\u00e1 en la<strong> zona piloto del barrio San Vicente<\/strong> (comprendida entre las avenidas Avellaneda y Pueyrred\u00f3n y entre Lavalle y las v\u00edas junto con las dos manzanas entre la avenida Avellaneda y Giovanelli, y entre Lavalle y Riobamba; y tambi\u00e9n entre Pueyrred\u00f3n y Del Valle y entre las calles Rivadavia y Lavalle).<\/p>\n<p>&nbsp;<\/p>\n<p>El nuevo calendario de recolecci\u00f3n de los 2000 hogares del barrio San Vicente comprendidos por GIRO es el siguiente: <strong>lunes- basura, martes-reciclables, mi\u00e9rcoles-basura, jueves-compostables, viernes-basura.<\/strong><\/p>\n<p>&nbsp;<\/p>\n<p>D\u00edas atr\u00e1s, <a href=\"https:\/\/cdnoticias.com\/index.php\/2022\/03\/04\/esta-ampliacion-tiene-que-ver-con-proyectar-giro-hacia-toda-la-ciudad\/\" target=\"_blank\" rel=\"noopener\">en di\u00e1logo con Central Radio<\/a> el secretario de Desarrollo Econ\u00f3mico Julio Valetutto y la subsecretaria de Empresas e Inversiones Emilia D\u00edaz, detallaron la obra de ampliaci\u00f3n de la planta de clasificaci\u00f3n de residuos s\u00f3lidos urbanos, que funciona en el predio del Relleno Sanitario.<\/p>\n<p>&nbsp;<\/p>\n<p>En ese contexto, respondieron a las cr\u00edticas e inquietudes de algunos vecinos participantes de la prueba piloto y aseguraron que estaban trabajando con \u201cesos 60 hogares que manifestaron su preocupaci\u00f3n. Los estamos visitando uno por uno. <strong>Es entendible porque ellos ten\u00edan m\u00e1s frecuencias de las que tienen ahora<\/strong>\u201d.<\/p>\n<p>&nbsp;<\/p>\n<p>&nbsp;<\/p>\n<p>&nbsp;<\/p>\n<p>Por su parte, Emilia D\u00edaz indic\u00f3 que la premisa del programa es \u201ctrabajar con la comunidad olavarriense y poner a los usuarios del servicio en el centro\u201d y agreg\u00f3:<strong> \u201cempatizamos con la dificultad que manifiestan tener algunos vecinos con la frecuencia de recolecci\u00f3n de basura y por eso vamos a probar qu\u00e9 pasa si agregamos un d\u00eda m\u00e1s de recolecci\u00f3n\u201d.<\/strong><\/p>\n<p>&nbsp;<\/p>\n<p>De esta forma, \u201cahora los mi\u00e9rcoles se recolectar\u00e1 basura y los compostables ser\u00e1n retirados los d\u00edas jueves, siguiendo vigente la recolecci\u00f3n nocturna. El objetivo de ese cambio es<strong> facilitar la transici\u00f3n y confirmar si un d\u00eda m\u00e1s de recolecci\u00f3n de basura estimula la participaci\u00f3n e incentiva a los hogares a separar sus residuos y sacarlos el d\u00eda correcto<\/strong>\u201d, sostuvo D\u00edaz.<\/p>\n<p>&nbsp;<\/p>\n<blockquote><p>\u201cOptimizamos el servicio en funci\u00f3n de las necesidades del usuario porque queremos facilitar el cumplimiento de las corrientes de separaci\u00f3n y los d\u00edas de recolecci\u00f3n, para que los trabajadores clasificadores puedan llevar adelante su parte en condiciones seguras e higi\u00e9nicas\u201d.<\/p><\/blockquote>\n<p>&nbsp;<\/p>\n<p>Por \u00faltimo, se record\u00f3 que en el primer a\u00f1o de implementaci\u00f3n, <strong>se recuperaron m\u00e1s de 50 toneladas de residuos que provinieron de los 2.300 hogares que participan de la experiencia.<\/strong><\/p>\n","protected":false},"excerpt":{"rendered":"<p>As\u00ed lo manifest\u00f3 la subsecretaria de Empresas e Inversiones Emilia D\u00edaz, luego de la preocupaci\u00f3n de algunos vecinos respecto a<\/p>\n","protected":false},"author":5,"featured_media":48080,"comment_status":"closed","ping_status":"closed","sticky":false,"template":"","format":"standard","meta":{"_jetpack_memberships_contains_paid_content":false,"footnotes":""},"categories":[5,1],"tags":[],"class_list":["post-49560","post","type-post","status-publish","format-standard","has-post-thumbnail","hentry","category-informacion-general","category-portada"],"jetpack_featured_media_url":"https:\/\/i0.wp.com\/cdnoticias.com\/wp-content\/uploads\/2022\/03\/emiliadiaz.jpg?fit=1599%2C890&ssl=1","jetpack_sharing_enabled":true,"_links":{"self":[{"href":"https:\/\/cdnoticias.com\/index.php\/wp-json\/wp\/v2\/posts\/49560","targetHints":{"allow":["GET"]}}],"collection":[{"href":"https:\/\/cdnoticias.com\/index.php\/wp-json\/wp\/v2\/posts"}],"about":[{"href":"https:\/\/cdnoticias.com\/index.php\/wp-json\/wp\/v2\/types\/post"}],"author":[{"embeddable":true,"href":"https:\/\/cdnoticias.com\/index.php\/wp-json\/wp\/v2\/users\/5"}],"replies":[{"embeddable":true,"href":"https:\/\/cdnoticias.com\/index.php\/wp-json\/wp\/v2\/comments?post=49560"}],"version-history":[{"count":0,"href":"https:\/\/cdnoticias.com\/index.php\/wp-json\/wp\/v2\/posts\/49560\/revisions"}],"wp:featuredmedia":[{"embeddable":true,"href":"https:\/\/cdnoticias.com\/index.php\/wp-json\/wp\/v2\/media\/48080"}],"wp:attachment":[{"href":"https:\/\/cdnoticias.com\/index.php\/wp-json\/wp\/v2\/media?parent=49560"}],"wp:term":[{"taxonomy":"category","embeddable":true,"href":"https:\/\/cdnoticias.com\/index.php\/wp-json\/wp\/v2\/categories?post=49560"},{"taxonomy":"post_tag","embeddable":true,"href":"https:\/\/cdnoticias.com\/index.php\/wp-json\/wp\/v2\/tags?post=49560"}],"curies":[{"name":"wp","href":"https:\/\/api.w.org\/{rel}","templated":true}]}}