{"id":4956,"date":"2020-10-26T21:28:07","date_gmt":"2020-10-27T00:28:07","guid":{"rendered":"http:\/\/www.centraldenoticias.com.ar\/?p=4956"},"modified":"2020-10-27T08:58:01","modified_gmt":"2020-10-27T11:58:01","slug":"olavarria-vuelve-a-fase-3-hasta-el-2-de-noviembre-restringen-actividades","status":"publish","type":"post","link":"https:\/\/cdnoticias.com\/index.php\/2020\/10\/26\/olavarria-vuelve-a-fase-3-hasta-el-2-de-noviembre-restringen-actividades\/","title":{"rendered":"Olavarr\u00eda vuelve a Fase 3 hasta el 2 de noviembre: restringen actividades"},"content":{"rendered":"<p>&nbsp;<\/p>\n<p>Fue anunciado por el intendente Ezequiel Galli en conferencia de prensa. Fueron restringidas 4 actividades. La medida rige a partir de este martes.\u00a0<em>\u201cSi bien el Hospital no est\u00e1 colapsado, pensando a futuro estamos un poquito asustados\u201d<\/em>, agreg\u00f3 el secretario de Salud.<!--more--><\/p>\n<hr \/>\n<p>El intendente Ezequiel Galli, acompa\u00f1ado por el secretario de Salud Germ\u00e1n Caputo, encabez\u00f3 una conferencia de prensa en d\u00f3nde se abordaron temas relevantes respecto a la <strong>situaci\u00f3n sanitaria de nuestra ciudad.<\/strong><\/p>\n<p>&nbsp;<\/p>\n<p>El encuentro fue puntual y se realiz\u00f3 en el Sal\u00f3n Blanco del Palacio San Mart\u00edn. En primer lugar, el Intendente salud\u00f3 a las integrantes de Lalcec en relaci\u00f3n a la <strong>Campa\u00f1a de Prevenci\u00f3n del C\u00e1ncer de Mama<\/strong> que llevan adelante durante el mes de octubre, en su habitual campa\u00f1a de prevenci\u00f3n y concientizaci\u00f3n.<\/p>\n<p>&nbsp;<\/p>\n<p>Luego el jefe comunal pas\u00f3 a hablar de la situaci\u00f3n de Olavarr\u00eda en la actualidad. <strong>Se\u00f1al\u00f3 que tras una conversaci\u00f3n con el Jefe de Ministros Carlos Bianco y a ra\u00edz de la gran cantidad de casos registrados en las \u00faltimas semanas <em>\u201cse decidi\u00f3 restringir algunas actividades\u201d.<\/em><\/strong><\/p>\n<p>&nbsp;<\/p>\n<p><img data-recalc-dims=\"1\" loading=\"lazy\" decoding=\"async\" class=\"alignnone size-large wp-image-4952\" src=\"https:\/\/i0.wp.com\/cdnoticias.com\/wp-content\/uploads\/2020\/10\/WhatsApp-Image-2020-10-26-at-21.20.38.jpeg?resize=800%2C533&#038;ssl=1\" alt=\"\" width=\"800\" height=\"533\" srcset=\"https:\/\/i0.wp.com\/cdnoticias.com\/wp-content\/uploads\/2020\/10\/WhatsApp-Image-2020-10-26-at-21.20.38.jpeg?resize=1024%2C682&amp;ssl=1 1024w, https:\/\/i0.wp.com\/cdnoticias.com\/wp-content\/uploads\/2020\/10\/WhatsApp-Image-2020-10-26-at-21.20.38.jpeg?resize=300%2C200&amp;ssl=1 300w, https:\/\/i0.wp.com\/cdnoticias.com\/wp-content\/uploads\/2020\/10\/WhatsApp-Image-2020-10-26-at-21.20.38.jpeg?resize=768%2C512&amp;ssl=1 768w, https:\/\/i0.wp.com\/cdnoticias.com\/wp-content\/uploads\/2020\/10\/WhatsApp-Image-2020-10-26-at-21.20.38.jpeg?resize=272%2C182&amp;ssl=1 272w, https:\/\/i0.wp.com\/cdnoticias.com\/wp-content\/uploads\/2020\/10\/WhatsApp-Image-2020-10-26-at-21.20.38.jpeg?w=1280&amp;ssl=1 1280w\" sizes=\"auto, (max-width: 800px) 100vw, 800px\" \/><\/p>\n<p>&nbsp;<\/p>\n<blockquote><p>Cuatro ser\u00e1n las actividades que se ver\u00e1n interrumpidas a partir de este martes y, en principio, hasta el 2 de noviembre: <strong>actividades deportivas en espacios cerrados, talleres culturales, ensayos de obras musicales y teatrales y la asistencia a espacios culturales.<\/strong><\/p><\/blockquote>\n<p>&nbsp;<\/p>\n<p>Estas actividades se suman a los<strong> bares y restaurantes que contin\u00faan cerrados.<\/strong><\/p>\n<p>&nbsp;<\/p>\n<p>El intendente eligi\u00f3 destacar \u201cel \u00e9xito\u201d del operativo <strong>RTA (Rastrear, Testear y Aislar)<\/strong> recorri\u00f3 distintos puntos de la ciudad y realiz\u00f3 este lunes 160 hisopados. En ese sentido asegur\u00f3 que el 60,5% de los casos positivos se registraron en el mes de octubre por lo que<strong><em> \u201cestamos en el pico desde que empez\u00f3 la pandemia\u201d.<\/em><\/strong><\/p>\n<p>&nbsp;<\/p>\n<p>Galli comunic\u00f3 que<a href=\"https:\/\/cdnoticias.com\/index.php\/2020\/10\/26\/el-intendente-galli-confirmo-dos-muertes-y-95-nuevos-casos-de-covid-19\/\" target=\"_blank\" rel=\"noopener\"><strong> durante la jornada de este lunes fallecieron dos personas<\/strong><\/a> y que el 47,7% de los fallecimientos fueron durante este mes. Y volvi\u00f3 a ratificar: <strong><em>\u201cevidentemente estamos ante el pico m\u00e1ximo por eso el Jefe de Gabinete de Ministros se comunic\u00f3 conmigo durante el d\u00eda de hoy\u201d.<\/em><\/strong><\/p>\n<p>&nbsp;<\/p>\n<p>Respecto a la restricci\u00f3n de las actividades mencionadas asegur\u00f3 que <strong>el pr\u00f3ximo lunes 2 de noviembre se volver\u00e1 a comunicar con Carlos Bianco para evaluar la continuidad o no de la medida.<\/strong><\/p>\n<p>&nbsp;<\/p>\n<p><img data-recalc-dims=\"1\" loading=\"lazy\" decoding=\"async\" class=\"alignnone size-large wp-image-4947\" src=\"https:\/\/i0.wp.com\/cdnoticias.com\/wp-content\/uploads\/2020\/10\/WhatsApp-Image-2020-10-26-at-21.11.05.jpeg?resize=800%2C600&#038;ssl=1\" alt=\"\" width=\"800\" height=\"600\" srcset=\"https:\/\/i0.wp.com\/cdnoticias.com\/wp-content\/uploads\/2020\/10\/WhatsApp-Image-2020-10-26-at-21.11.05.jpeg?resize=1024%2C768&amp;ssl=1 1024w, https:\/\/i0.wp.com\/cdnoticias.com\/wp-content\/uploads\/2020\/10\/WhatsApp-Image-2020-10-26-at-21.11.05.jpeg?resize=300%2C225&amp;ssl=1 300w, https:\/\/i0.wp.com\/cdnoticias.com\/wp-content\/uploads\/2020\/10\/WhatsApp-Image-2020-10-26-at-21.11.05.jpeg?resize=768%2C576&amp;ssl=1 768w, https:\/\/i0.wp.com\/cdnoticias.com\/wp-content\/uploads\/2020\/10\/WhatsApp-Image-2020-10-26-at-21.11.05.jpeg?w=1040&amp;ssl=1 1040w\" sizes=\"auto, (max-width: 800px) 100vw, 800px\" \/><\/p>\n<p>&nbsp;<\/p>\n<p><strong>\u201cSi bien el Hospital no est\u00e1 colapsado, pensando a futuro estamos un poquito asustados\u201d<\/strong><\/p>\n<p>&nbsp;<\/p>\n<p><em>\u201cEl mundo y el pa\u00eds est\u00e1n alerta. Las ciudades de los alrededores est\u00e1n complicadas. Nosotros no podemos bajar el n\u00famero de contagios diarios\u201d<\/em>, indic\u00f3 el secretario de Salud, Germ\u00e1n Caputo al tomar la palabra.<\/p>\n<p>&nbsp;<\/p>\n<blockquote><p>\u201cLa progresi\u00f3n de la ocupaci\u00f3n hospitalaria es compleja, si bien el Hospital hoy no est\u00e1 colapsado, pensando a futuro estamos un poquito asustados\u201d, resalt\u00f3 Caputo.<\/p><\/blockquote>\n<p>&nbsp;<\/p>\n<p>Por otra parte, Caputo volvi\u00f3 a insistir en el respeto a las medidas de prevenci\u00f3n:<em> \u201cobservamos que las conductas sociales no son las mejores. <strong>Desde el Comit\u00e9 de Crisis vemos con buenos ojos esta limitaci\u00f3n<\/strong>\u201d.<\/em><\/p>\n<p>&nbsp;<\/p>\n<p>Ambos, reiteraron la <strong>prohibici\u00f3n de realizaci\u00f3n de las reuniones sociales<\/strong> y pidieron la colaboraci\u00f3n de la comunidad.<\/p>\n","protected":false},"excerpt":{"rendered":"<p>&nbsp; Fue anunciado por el intendente Ezequiel Galli en conferencia de prensa. Fueron restringidas 4 actividades. La medida rige a<\/p>\n","protected":false},"author":5,"featured_media":4955,"comment_status":"closed","ping_status":"closed","sticky":false,"template":"","format":"standard","meta":{"_jetpack_memberships_contains_paid_content":false,"footnotes":""},"categories":[5,1],"tags":[],"class_list":["post-4956","post","type-post","status-publish","format-standard","has-post-thumbnail","hentry","category-informacion-general","category-portada"],"jetpack_featured_media_url":"https:\/\/i0.wp.com\/cdnoticias.com\/wp-content\/uploads\/2020\/10\/WhatsApp-Image-2020-10-26-at-21.20.37.jpeg?fit=1280%2C853&ssl=1","jetpack_sharing_enabled":true,"_links":{"self":[{"href":"https:\/\/cdnoticias.com\/index.php\/wp-json\/wp\/v2\/posts\/4956","targetHints":{"allow":["GET"]}}],"collection":[{"href":"https:\/\/cdnoticias.com\/index.php\/wp-json\/wp\/v2\/posts"}],"about":[{"href":"https:\/\/cdnoticias.com\/index.php\/wp-json\/wp\/v2\/types\/post"}],"author":[{"embeddable":true,"href":"https:\/\/cdnoticias.com\/index.php\/wp-json\/wp\/v2\/users\/5"}],"replies":[{"embeddable":true,"href":"https:\/\/cdnoticias.com\/index.php\/wp-json\/wp\/v2\/comments?post=4956"}],"version-history":[{"count":0,"href":"https:\/\/cdnoticias.com\/index.php\/wp-json\/wp\/v2\/posts\/4956\/revisions"}],"wp:featuredmedia":[{"embeddable":true,"href":"https:\/\/cdnoticias.com\/index.php\/wp-json\/wp\/v2\/media\/4955"}],"wp:attachment":[{"href":"https:\/\/cdnoticias.com\/index.php\/wp-json\/wp\/v2\/media?parent=4956"}],"wp:term":[{"taxonomy":"category","embeddable":true,"href":"https:\/\/cdnoticias.com\/index.php\/wp-json\/wp\/v2\/categories?post=4956"},{"taxonomy":"post_tag","embeddable":true,"href":"https:\/\/cdnoticias.com\/index.php\/wp-json\/wp\/v2\/tags?post=4956"}],"curies":[{"name":"wp","href":"https:\/\/api.w.org\/{rel}","templated":true}]}}