{"id":49551,"date":"2022-03-21T11:47:34","date_gmt":"2022-03-21T14:47:34","guid":{"rendered":"https:\/\/www.centraldenoticias.com.ar\/?p=49551"},"modified":"2022-03-21T14:43:43","modified_gmt":"2022-03-21T17:43:43","slug":"tras-el-pedido-de-celeridad-trataran-la-adjudicacion-del-transporte-interurbano-en-el-hcd","status":"publish","type":"post","link":"https:\/\/cdnoticias.com\/index.php\/2022\/03\/21\/tras-el-pedido-de-celeridad-trataran-la-adjudicacion-del-transporte-interurbano-en-el-hcd\/","title":{"rendered":"Tras el pedido de \u201cceleridad\u201d tratar\u00e1n la adjudicaci\u00f3n del transporte interurbano en el HCD"},"content":{"rendered":"<p>Se debatir\u00e1n 16 proyectos en la segunda sesi\u00f3n ordinaria del a\u00f1o, entre denominaciones de calles, repudios, y otros temas vinculados a infraestructura.<!--more--><\/p>\n<hr \/>\n<p>Este lunes la presidenta del Concejo Deliberante, Cecilia Krivochen acompa\u00f1ada por la secretaria del Cuerpo, Margarita Arregui encabezaron la reuni\u00f3n de la Comisi\u00f3n de <strong>Labor Parlamentaria convocada con motivo de la segunda sesi\u00f3n ordinaria que se llevar\u00e1 adelante este martes. Tras el pedido de \u201cceleridad\u201d el proyecto m\u00e1s importante ser\u00e1 la convalidaci\u00f3n de la adjudicaci\u00f3n del transporte interurbano de pasajeros a una empresa local.<\/strong><\/p>\n<p>&nbsp;<\/p>\n<p>De la reuni\u00f3n participaron adem\u00e1s los presidentes y presidentas de los distintos bloques que componen el Honorable Concejo Deliberante.<\/p>\n<p>&nbsp;<\/p>\n<p>Se tratar\u00e1 el expediente 248\/21 que <strong>dispone la convalidaci\u00f3n de la Licitaci\u00f3n P\u00fablica N\u00b0 43\/21 para la concesi\u00f3n del servicio interurbano de pasajeros.<\/strong> En el transcurso de la reuni\u00f3n desde los distintos bloques, al proyecto original, se realiz\u00f3 la incorporaci\u00f3n de un art\u00edculo que fue consensuado en la comisi\u00f3n de Legislaci\u00f3n.<\/p>\n<p>&nbsp;<\/p>\n<p><img data-recalc-dims=\"1\" loading=\"lazy\" decoding=\"async\" class=\"alignnone size-large wp-image-49553\" src=\"https:\/\/i0.wp.com\/cdnoticias.com\/wp-content\/uploads\/2022\/03\/LaborParlamentaria3.jpg?resize=800%2C484&#038;ssl=1\" alt=\"\" width=\"800\" height=\"484\" srcset=\"https:\/\/i0.wp.com\/cdnoticias.com\/wp-content\/uploads\/2022\/03\/LaborParlamentaria3.jpg?resize=1024%2C619&amp;ssl=1 1024w, https:\/\/i0.wp.com\/cdnoticias.com\/wp-content\/uploads\/2022\/03\/LaborParlamentaria3.jpg?resize=300%2C181&amp;ssl=1 300w, https:\/\/i0.wp.com\/cdnoticias.com\/wp-content\/uploads\/2022\/03\/LaborParlamentaria3.jpg?resize=768%2C464&amp;ssl=1 768w, https:\/\/i0.wp.com\/cdnoticias.com\/wp-content\/uploads\/2022\/03\/LaborParlamentaria3.jpg?w=1500&amp;ssl=1 1500w\" sizes=\"auto, (max-width: 800px) 100vw, 800px\" \/><\/p>\n<p>&nbsp;<\/p>\n<p>Adem\u00e1s, de manera conjunta se tratar\u00e1n de manera conjunta los expedientes 257\/21, 258\/21, 259\/21, los tres vinculados de <strong>boletos de compraventa en distintos agrupamientos industriales de Olavarr\u00eda.<\/strong><\/p>\n<p>&nbsp;<\/p>\n<p>En lo que hace al urbanismo, el HCD tratar\u00e1 de manera conjunta los expedientes 327\/21 y 348\/21. <strong>Ambos refieren a la determinaci\u00f3n de calles alturas domiciliarias en sectores particulares y por otro lado nominaci\u00f3n y numeraci\u00f3n integral de las calles del paraje \u201cBella Vista\u201d.<\/strong><\/p>\n<p>&nbsp;<\/p>\n<p>La segunda sesi\u00f3n ordinaria del HCD tendr\u00e1 lugar este martes desde las 9 horas en el recinto de la Sociedad Espa\u00f1ola donde se tratar\u00e1n sobre tablas diez proyectos que fueron presentados por los distintos espacios pol\u00edticos. Se destaca un proyecto Comunicaci\u00f3n ingresado por bloques determinados donde <strong>se expresa el repudio a la medida del gobierno nacional de suspender la exportaci\u00f3n de harina y aceite de soja.<\/strong><\/p>\n<p>&nbsp;<\/p>\n<p><img data-recalc-dims=\"1\" loading=\"lazy\" decoding=\"async\" class=\"alignnone size-large wp-image-49552\" src=\"https:\/\/i0.wp.com\/cdnoticias.com\/wp-content\/uploads\/2022\/03\/LaborParlamentaria5.jpg?resize=800%2C602&#038;ssl=1\" alt=\"\" width=\"800\" height=\"602\" srcset=\"https:\/\/i0.wp.com\/cdnoticias.com\/wp-content\/uploads\/2022\/03\/LaborParlamentaria5.jpg?resize=1024%2C771&amp;ssl=1 1024w, https:\/\/i0.wp.com\/cdnoticias.com\/wp-content\/uploads\/2022\/03\/LaborParlamentaria5.jpg?resize=300%2C226&amp;ssl=1 300w, https:\/\/i0.wp.com\/cdnoticias.com\/wp-content\/uploads\/2022\/03\/LaborParlamentaria5.jpg?resize=768%2C578&amp;ssl=1 768w, https:\/\/i0.wp.com\/cdnoticias.com\/wp-content\/uploads\/2022\/03\/LaborParlamentaria5.jpg?w=1287&amp;ssl=1 1287w\" sizes=\"auto, (max-width: 800px) 100vw, 800px\" \/><\/p>\n<p>&nbsp;<\/p>\n<p>En lo que respecta al Interbloque del Frente de Todos fueron presentados tres proyectos de Resoluci\u00f3n. En los mismos se demanda al Departamento Ejecutivo Municipal <strong>limpieza y\/o acondicionamiento de distintos sectores de la ciudad.<\/strong> Labor Parlamentaria acord\u00f3 el tratamiento conjunto durante el desarrollo de la sesi\u00f3n.<\/p>\n<p>&nbsp;<\/p>\n<p><img data-recalc-dims=\"1\" loading=\"lazy\" decoding=\"async\" class=\"alignnone size-large wp-image-49555\" src=\"https:\/\/i0.wp.com\/cdnoticias.com\/wp-content\/uploads\/2022\/03\/LaborParlamentaria2.jpg?resize=800%2C491&#038;ssl=1\" alt=\"\" width=\"800\" height=\"491\" srcset=\"https:\/\/i0.wp.com\/cdnoticias.com\/wp-content\/uploads\/2022\/03\/LaborParlamentaria2.jpg?resize=1024%2C628&amp;ssl=1 1024w, https:\/\/i0.wp.com\/cdnoticias.com\/wp-content\/uploads\/2022\/03\/LaborParlamentaria2.jpg?resize=300%2C184&amp;ssl=1 300w, https:\/\/i0.wp.com\/cdnoticias.com\/wp-content\/uploads\/2022\/03\/LaborParlamentaria2.jpg?resize=768%2C471&amp;ssl=1 768w, https:\/\/i0.wp.com\/cdnoticias.com\/wp-content\/uploads\/2022\/03\/LaborParlamentaria2.jpg?w=1361&amp;ssl=1 1361w\" sizes=\"auto, (max-width: 800px) 100vw, 800px\" \/><\/p>\n<p>&nbsp;<\/p>\n<p>En lo que hace al bloque <strong>Ahora Olavarr\u00eda fueron presentados tres proyectos<\/strong>, dos de Comunicaci\u00f3n y un Pedido de Informes. Este \u00faltimo hace referencia a cuestiones vinculadas con la seguridad en Olavarr\u00eda.<\/p>\n<p>&nbsp;<\/p>\n<p>Por \u00faltimo,<strong> el bloque de concejales UCR-Juntos present\u00f3 para tratar sobre tablas tres proyectos.<\/strong> Se hace saber que uno de ellos est\u00e1 vinculado al reconocimiento al vecino C\u00e9sar Rossini como \u201cHonor al M\u00e9rito Ciudadano\u201d.<\/p>\n<p>&nbsp;<\/p>\n<p>La segunda sesi\u00f3n ordinaria ser\u00e1 transmitida en vivo por el canal de Youtube del Honorable Concejo Deliberante.<\/p>\n","protected":false},"excerpt":{"rendered":"<p>Se debatir\u00e1n 16 proyectos en la segunda sesi\u00f3n ordinaria del a\u00f1o, entre denominaciones de calles, repudios, y otros temas vinculados<\/p>\n","protected":false},"author":2,"featured_media":49554,"comment_status":"closed","ping_status":"closed","sticky":false,"template":"","format":"standard","meta":{"_jetpack_memberships_contains_paid_content":false,"footnotes":""},"categories":[4,1],"tags":[],"class_list":["post-49551","post","type-post","status-publish","format-standard","has-post-thumbnail","hentry","category-politica","category-portada"],"jetpack_featured_media_url":"https:\/\/i0.wp.com\/cdnoticias.com\/wp-content\/uploads\/2022\/03\/LaborParlamentaria1.jpg?fit=1401%2C885&ssl=1","jetpack_sharing_enabled":true,"_links":{"self":[{"href":"https:\/\/cdnoticias.com\/index.php\/wp-json\/wp\/v2\/posts\/49551","targetHints":{"allow":["GET"]}}],"collection":[{"href":"https:\/\/cdnoticias.com\/index.php\/wp-json\/wp\/v2\/posts"}],"about":[{"href":"https:\/\/cdnoticias.com\/index.php\/wp-json\/wp\/v2\/types\/post"}],"author":[{"embeddable":true,"href":"https:\/\/cdnoticias.com\/index.php\/wp-json\/wp\/v2\/users\/2"}],"replies":[{"embeddable":true,"href":"https:\/\/cdnoticias.com\/index.php\/wp-json\/wp\/v2\/comments?post=49551"}],"version-history":[{"count":0,"href":"https:\/\/cdnoticias.com\/index.php\/wp-json\/wp\/v2\/posts\/49551\/revisions"}],"wp:featuredmedia":[{"embeddable":true,"href":"https:\/\/cdnoticias.com\/index.php\/wp-json\/wp\/v2\/media\/49554"}],"wp:attachment":[{"href":"https:\/\/cdnoticias.com\/index.php\/wp-json\/wp\/v2\/media?parent=49551"}],"wp:term":[{"taxonomy":"category","embeddable":true,"href":"https:\/\/cdnoticias.com\/index.php\/wp-json\/wp\/v2\/categories?post=49551"},{"taxonomy":"post_tag","embeddable":true,"href":"https:\/\/cdnoticias.com\/index.php\/wp-json\/wp\/v2\/tags?post=49551"}],"curies":[{"name":"wp","href":"https:\/\/api.w.org\/{rel}","templated":true}]}}