{"id":49537,"date":"2022-03-21T08:54:39","date_gmt":"2022-03-21T11:54:39","guid":{"rendered":"https:\/\/www.centraldenoticias.com.ar\/?p=49537"},"modified":"2022-03-21T08:54:39","modified_gmt":"2022-03-21T11:54:39","slug":"circulaba-con-una-moto-con-pedido-de-secuestro-y-fue-aprehendido","status":"publish","type":"post","link":"https:\/\/cdnoticias.com\/index.php\/2022\/03\/21\/circulaba-con-una-moto-con-pedido-de-secuestro-y-fue-aprehendido\/","title":{"rendered":"Circulaba con una moto con pedido de secuestro y fue aprehendido"},"content":{"rendered":"<p>Se trata de un joven de 20 a\u00f1os que fue interceptado por personal policial y termin\u00f3 apresado por \u201cencubrimiento\u201d. <!--more--><\/p>\n<hr \/>\n<p>En la jornada de este domingo, <strong>personal de Comando de Patrullas detuvo a un joven de 20 a\u00f1os que, tras ser interceptado, detectaron que se trasladaba en una moto que ten\u00eda un pedido de secuestro activo.<\/strong><\/p>\n<p>&nbsp;<\/p>\n<p>El hecho se produjo en Balcarce al 3600, cuando tras constatar la documentaci\u00f3n de <strong>una moto Gilera Smash 110cc y cursar los datos por sistema inform\u00e1tico de la polic\u00eda, detectaron que deb\u00eda ser secuestrada en caso de encontrarla.<\/strong><\/p>\n<p>&nbsp;<\/p>\n<p><strong>Por \u201cencubrimiento\u201d el joven fue aprehendido y trasladado a la sede de Comisar\u00eda Segunda<\/strong> para realizar las actuaciones administrativas de rigor.<\/p>\n<p>&nbsp;<\/p>\n<p>Qued\u00f3 a disposici\u00f3n del fiscal en turno, el doctor Miguel Pi\u00f1eiro, de la UFI N\u00b010.<\/p>\n","protected":false},"excerpt":{"rendered":"<p>Se trata de un joven de 20 a\u00f1os que fue interceptado por personal policial y termin\u00f3 apresado por \u201cencubrimiento\u201d.<\/p>\n","protected":false},"author":2,"featured_media":40654,"comment_status":"closed","ping_status":"closed","sticky":false,"template":"","format":"standard","meta":{"_jetpack_memberships_contains_paid_content":false,"footnotes":""},"categories":[14,1],"tags":[],"class_list":["post-49537","post","type-post","status-publish","format-standard","has-post-thumbnail","hentry","category-policiales","category-portada"],"jetpack_featured_media_url":"https:\/\/i0.wp.com\/cdnoticias.com\/wp-content\/uploads\/2021\/12\/WhatsApp-Image-2021-12-06-at-15.42.27-2.jpeg?fit=1600%2C900&ssl=1","jetpack_sharing_enabled":true,"_links":{"self":[{"href":"https:\/\/cdnoticias.com\/index.php\/wp-json\/wp\/v2\/posts\/49537","targetHints":{"allow":["GET"]}}],"collection":[{"href":"https:\/\/cdnoticias.com\/index.php\/wp-json\/wp\/v2\/posts"}],"about":[{"href":"https:\/\/cdnoticias.com\/index.php\/wp-json\/wp\/v2\/types\/post"}],"author":[{"embeddable":true,"href":"https:\/\/cdnoticias.com\/index.php\/wp-json\/wp\/v2\/users\/2"}],"replies":[{"embeddable":true,"href":"https:\/\/cdnoticias.com\/index.php\/wp-json\/wp\/v2\/comments?post=49537"}],"version-history":[{"count":0,"href":"https:\/\/cdnoticias.com\/index.php\/wp-json\/wp\/v2\/posts\/49537\/revisions"}],"wp:featuredmedia":[{"embeddable":true,"href":"https:\/\/cdnoticias.com\/index.php\/wp-json\/wp\/v2\/media\/40654"}],"wp:attachment":[{"href":"https:\/\/cdnoticias.com\/index.php\/wp-json\/wp\/v2\/media?parent=49537"}],"wp:term":[{"taxonomy":"category","embeddable":true,"href":"https:\/\/cdnoticias.com\/index.php\/wp-json\/wp\/v2\/categories?post=49537"},{"taxonomy":"post_tag","embeddable":true,"href":"https:\/\/cdnoticias.com\/index.php\/wp-json\/wp\/v2\/tags?post=49537"}],"curies":[{"name":"wp","href":"https:\/\/api.w.org\/{rel}","templated":true}]}}