{"id":49534,"date":"2022-03-21T08:35:45","date_gmt":"2022-03-21T11:35:45","guid":{"rendered":"https:\/\/www.centraldenoticias.com.ar\/?p=49534"},"modified":"2022-03-21T09:35:57","modified_gmt":"2022-03-21T12:35:57","slug":"llevaba-un-cuchillo-entre-sus-prendas-y-termino-aprehendido","status":"publish","type":"post","link":"https:\/\/cdnoticias.com\/index.php\/2022\/03\/21\/llevaba-un-cuchillo-entre-sus-prendas-y-termino-aprehendido\/","title":{"rendered":"Llevaba un cuchillo entre sus prendas y termin\u00f3 aprehendido"},"content":{"rendered":"<p>El hecho se produjo en la noche del domingo, en Necochea y C\u00f3rdoba. Fue trasladado a Comisar\u00eda Segunda.<!--more--><\/p>\n<hr \/>\n<p>En la jornada del domingo, <strong>un joven de 27 a\u00f1os fue aprehendido por personal policial tras encontrar entre sus prendas un cuchillo con el que circulaba por la v\u00eda p\u00fablica.<\/strong><\/p>\n<p>&nbsp;<\/p>\n<p>Seg\u00fan se explic\u00f3, a ra\u00edz de un llamado al servicio de emergencias el personal de Comando de Patrullas intercept\u00f3 al joven y secuestr\u00f3 el arma blanca.<\/p>\n<p>&nbsp;<\/p>\n<p>Tras ser inmediatamente aprehendido, <strong>fue trasladado a la Comisar\u00eda Segunda<\/strong> donde qued\u00f3 a disposici\u00f3n del magistrado interviniente.<\/p>\n<p>&nbsp;<\/p>\n<p>La causa est\u00e1 caratulada como <em>\u201cInfracci\u00f3n al art\u00edculo 42 de la Ley 8.031\u201d<\/em> y est\u00e1 a cargo de la doctora Cecilia Desiata, del Juzgado Correccional de Olavarr\u00eda.<\/p>\n","protected":false},"excerpt":{"rendered":"<p>El hecho se produjo en la noche del domingo, en Necochea y C\u00f3rdoba. Fue trasladado a Comisar\u00eda Segunda.<\/p>\n","protected":false},"author":2,"featured_media":49535,"comment_status":"closed","ping_status":"closed","sticky":false,"template":"","format":"standard","meta":{"_jetpack_memberships_contains_paid_content":false,"footnotes":""},"categories":[14,1],"tags":[],"class_list":["post-49534","post","type-post","status-publish","format-standard","has-post-thumbnail","hentry","category-policiales","category-portada"],"jetpack_featured_media_url":"https:\/\/i0.wp.com\/cdnoticias.com\/wp-content\/uploads\/2022\/03\/aprehen.jpg?fit=1280%2C712&ssl=1","jetpack_sharing_enabled":true,"_links":{"self":[{"href":"https:\/\/cdnoticias.com\/index.php\/wp-json\/wp\/v2\/posts\/49534","targetHints":{"allow":["GET"]}}],"collection":[{"href":"https:\/\/cdnoticias.com\/index.php\/wp-json\/wp\/v2\/posts"}],"about":[{"href":"https:\/\/cdnoticias.com\/index.php\/wp-json\/wp\/v2\/types\/post"}],"author":[{"embeddable":true,"href":"https:\/\/cdnoticias.com\/index.php\/wp-json\/wp\/v2\/users\/2"}],"replies":[{"embeddable":true,"href":"https:\/\/cdnoticias.com\/index.php\/wp-json\/wp\/v2\/comments?post=49534"}],"version-history":[{"count":0,"href":"https:\/\/cdnoticias.com\/index.php\/wp-json\/wp\/v2\/posts\/49534\/revisions"}],"wp:featuredmedia":[{"embeddable":true,"href":"https:\/\/cdnoticias.com\/index.php\/wp-json\/wp\/v2\/media\/49535"}],"wp:attachment":[{"href":"https:\/\/cdnoticias.com\/index.php\/wp-json\/wp\/v2\/media?parent=49534"}],"wp:term":[{"taxonomy":"category","embeddable":true,"href":"https:\/\/cdnoticias.com\/index.php\/wp-json\/wp\/v2\/categories?post=49534"},{"taxonomy":"post_tag","embeddable":true,"href":"https:\/\/cdnoticias.com\/index.php\/wp-json\/wp\/v2\/tags?post=49534"}],"curies":[{"name":"wp","href":"https:\/\/api.w.org\/{rel}","templated":true}]}}