{"id":49517,"date":"2022-03-20T18:37:09","date_gmt":"2022-03-20T21:37:09","guid":{"rendered":"https:\/\/www.centraldenoticias.com.ar\/?p=49517"},"modified":"2022-03-20T18:37:09","modified_gmt":"2022-03-20T21:37:09","slug":"exitosa-jornada-de-atencion-integral-de-la-salud-en-ingreso-escolar","status":"publish","type":"post","link":"https:\/\/cdnoticias.com\/index.php\/2022\/03\/20\/exitosa-jornada-de-atencion-integral-de-la-salud-en-ingreso-escolar\/","title":{"rendered":"Exitosa jornada de atenci\u00f3n integral de la salud en ingreso escolar"},"content":{"rendered":"<p>Fue organizada en las sedes de los Territoriales N\u00b02, N\u00b04 y N\u00b06, con 184 controles de salud durante el s\u00e1bado. <!--more--><\/p>\n<hr \/>\n<p>En la ma\u00f1ana del \u00faltimo s\u00e1bado<strong> la Secretar\u00eda de Salud, a trav\u00e9s de la Direcci\u00f3n de Atenci\u00f3n Primaria, llev\u00f3 a cabo una jornada integral de salud orientada a ni\u00f1os, ni\u00f1as y adolescentes en ingreso escolar.<\/strong><\/p>\n<p>&nbsp;<\/p>\n<p>Seg\u00fan informaron desde la cartera sanitaria<strong>, durante la jornada que se llev\u00f3 a cabo en las sedes de los Servicios Municipales Territoriales N\u00ba 2, N\u00ba 4 y N\u00ba 6 se efectuaron 184 controles de salud<\/strong> que contaron con la participaci\u00f3n de enfermeros, residentes de medicina general, epidemiolog\u00eda, enfermer\u00eda comunitaria y pediatr\u00eda, odont\u00f3logas y personal auxiliar de los territoriales, Banco de Leche y Epidemiolog\u00eda.<\/p>\n<p>&nbsp;<\/p>\n<p>Al finalizar la jornada, el Secretario de Salud Germ\u00e1n Caputo se mostr\u00f3 <em>\u201cmuy conformes porque pudimos incluir a muchos chicos que no poseen obra social. Es una forma de movilizar el Hospital hacia la gente que m\u00e1s lo necesita\u201d.<\/em><\/p>\n<p>&nbsp;<\/p>\n<p><img data-recalc-dims=\"1\" loading=\"lazy\" decoding=\"async\" class=\"aligncenter size-full wp-image-49519\" src=\"https:\/\/i0.wp.com\/cdnoticias.com\/wp-content\/uploads\/2022\/03\/jornadasalud-3.jpg?resize=800%2C600&#038;ssl=1\" alt=\"\" width=\"800\" height=\"600\" srcset=\"https:\/\/i0.wp.com\/cdnoticias.com\/wp-content\/uploads\/2022\/03\/jornadasalud-3.jpg?w=1024&amp;ssl=1 1024w, https:\/\/i0.wp.com\/cdnoticias.com\/wp-content\/uploads\/2022\/03\/jornadasalud-3.jpg?resize=300%2C225&amp;ssl=1 300w, https:\/\/i0.wp.com\/cdnoticias.com\/wp-content\/uploads\/2022\/03\/jornadasalud-3.jpg?resize=768%2C576&amp;ssl=1 768w\" sizes=\"auto, (max-width: 800px) 100vw, 800px\" \/><\/p>\n<p>&nbsp;<\/p>\n<blockquote><p>\u201cTanto el intendente Ezequiel Galli como yo queremos expresar un profundo agradecimiento al personal de salud que siempre est\u00e1 predispuesta para cuidar la salud de todos los olavarrienses\u201d, agreg\u00f3 Caputo.<\/p><\/blockquote>\n<p>&nbsp;<\/p>\n<p>El sistema de salud p\u00fablica se organiza seg\u00fan niveles de atenci\u00f3n, el primero de los cuales est\u00e1 a cargo de la atenci\u00f3n primaria<strong>. Los profesionales que desempe\u00f1an su labor en este nivel, as\u00ed como los recursos t\u00e9cnicos que dispone cada CAPS (Centro de Atenci\u00f3n Primaria de la Salud), permiten resolver el 80% de las patolog\u00edas que all\u00ed se consultan.<\/strong><\/p>\n<p>&nbsp;<\/p>\n<blockquote><p>En este nivel de atenci\u00f3n no s\u00f3lo se presta servicio en casos de enfermedad sino que tambi\u00e9n se trabaja desde la prevenci\u00f3n y la promoci\u00f3n de h\u00e1bitos saludables, por medio de distintas campa\u00f1as mediante las cuales se brinda informaci\u00f3n tendiente a mejorar nuestra calidad de vida.<\/p><\/blockquote>\n<p>&nbsp;<\/p>\n<p>Como complemento, a los fines de descentralizar la atenci\u00f3n sanitaria, los profesionales de la salud realizan jornadas externas por fuera de los centros de salud; tanto en el casco urbano como en las localidades.<\/p>\n","protected":false},"excerpt":{"rendered":"<p>Fue organizada en las sedes de los Territoriales N\u00b02, N\u00b04 y N\u00b06, con 184 controles de salud durante el s\u00e1bado.<\/p>\n","protected":false},"author":5,"featured_media":49518,"comment_status":"closed","ping_status":"closed","sticky":false,"template":"","format":"standard","meta":{"_jetpack_memberships_contains_paid_content":false,"footnotes":""},"categories":[5,1],"tags":[],"class_list":["post-49517","post","type-post","status-publish","format-standard","has-post-thumbnail","hentry","category-informacion-general","category-portada"],"jetpack_featured_media_url":"https:\/\/i0.wp.com\/cdnoticias.com\/wp-content\/uploads\/2022\/03\/jornadasalud-1.jpg?fit=1024%2C768&ssl=1","jetpack_sharing_enabled":true,"_links":{"self":[{"href":"https:\/\/cdnoticias.com\/index.php\/wp-json\/wp\/v2\/posts\/49517","targetHints":{"allow":["GET"]}}],"collection":[{"href":"https:\/\/cdnoticias.com\/index.php\/wp-json\/wp\/v2\/posts"}],"about":[{"href":"https:\/\/cdnoticias.com\/index.php\/wp-json\/wp\/v2\/types\/post"}],"author":[{"embeddable":true,"href":"https:\/\/cdnoticias.com\/index.php\/wp-json\/wp\/v2\/users\/5"}],"replies":[{"embeddable":true,"href":"https:\/\/cdnoticias.com\/index.php\/wp-json\/wp\/v2\/comments?post=49517"}],"version-history":[{"count":0,"href":"https:\/\/cdnoticias.com\/index.php\/wp-json\/wp\/v2\/posts\/49517\/revisions"}],"wp:featuredmedia":[{"embeddable":true,"href":"https:\/\/cdnoticias.com\/index.php\/wp-json\/wp\/v2\/media\/49518"}],"wp:attachment":[{"href":"https:\/\/cdnoticias.com\/index.php\/wp-json\/wp\/v2\/media?parent=49517"}],"wp:term":[{"taxonomy":"category","embeddable":true,"href":"https:\/\/cdnoticias.com\/index.php\/wp-json\/wp\/v2\/categories?post=49517"},{"taxonomy":"post_tag","embeddable":true,"href":"https:\/\/cdnoticias.com\/index.php\/wp-json\/wp\/v2\/tags?post=49517"}],"curies":[{"name":"wp","href":"https:\/\/api.w.org\/{rel}","templated":true}]}}