{"id":49503,"date":"2022-03-20T09:27:10","date_gmt":"2022-03-20T12:27:10","guid":{"rendered":"https:\/\/www.centraldenoticias.com.ar\/?p=49503"},"modified":"2022-03-28T08:47:36","modified_gmt":"2022-03-28T11:47:36","slug":"semana-de-la-memoria-a-46-anos-del-golpe-se-realizaran-distintas-actividades","status":"publish","type":"post","link":"https:\/\/cdnoticias.com\/index.php\/2022\/03\/20\/semana-de-la-memoria-a-46-anos-del-golpe-se-realizaran-distintas-actividades\/","title":{"rendered":"Semana de la Memoria: a 46 a\u00f1os del golpe, se realizar\u00e1n distintas actividades"},"content":{"rendered":"<p>Entre las acciones previstas habr\u00e1 encuentros, muestras, charlas, obras e intervenciones. Adem\u00e1s, el 24 de marzo el Honorable Concejo Deliberante sesionar\u00e1 en el ex centro clandestino de detenci\u00f3n Monte Pelloni.<!--more--><\/p>\n<hr \/>\n<p><strong>\u201cA 46 a\u00f1os del golpe genocida reafirmamos la lucha. Memoria para defender la soberan\u00eda.Verdad para las y los 30.000. Justicia para el pueblo\u201d<\/strong>, indicaron desde la Comisi\u00f3n por la Memoria de Olavarr\u00eda.<\/p>\n<p>&nbsp;<\/p>\n<p>Un variado cronograma de actividades se programaron en esta oportunidad. <strong>Comenzar\u00e1 este lunes 21 de marzo y culminar\u00e1 el pr\u00f3ximo 28.<\/strong><\/p>\n<p>&nbsp;<\/p>\n<p>Habr\u00e1 muestras art\u00edsticas, obras, diversas charlas, encuentros, homenajes, entre otras. Adem\u00e1s,<strong> el 24 de marzo el Honorable Concejo Deliberante realizar\u00e1 una sesi\u00f3n especial<\/strong> en el ex centro clandestino de detenci\u00f3n Monte Pelloni. Ese mismo d\u00eda, por la tarde, las actividades se concentrar\u00e1n en el<strong> Parque de la Memoria (Col\u00f3n y Brown) desde las 15:30.<\/strong><\/p>\n<p>&nbsp;<\/p>\n<p><strong>Cronograma<\/strong><\/p>\n<p>&nbsp;<\/p>\n<p><strong>Lunes 21 de marzo<\/strong><\/p>\n<p>-9 a 12hs y 17 a 19hs. Muestra &#8220;El Juicio Monte Pelloni en Face&#8221;.<\/p>\n<p>Lugar: sede SUTEBA Olavarr\u00eda. San Mart\u00edn 2972<\/p>\n<p>Organiza: SUTEBA Olavarr\u00eda.<\/p>\n<p>-18 horas. Encuentro: Memoria y dictadura.<\/p>\n<p>Di\u00e1logos y reflexiones sobre: &#8220;Identidad y memoria de Olavarr\u00eda&#8221;, &#8220;Pol\u00edticas reparatorias y juicios de lesa humanidad&#8221;, &#8220;Monte Pelloni y testimonios&#8221;.<\/p>\n<p>Lugar: Ateneo N\u00e9stor Kirchner. Pringles 3968.<\/p>\n<p>Organiza: La C\u00e1mpora. Frente de Profesionales.<\/p>\n<p>-19 horas. Obra \u201cLa Memoria de las Cosas \u00bfC\u00f3mo guardamos la memoria?\u201d.<\/p>\n<p>Se trata de una obra participativa del artista visual Juan Tellez, que consiste en una obra participativa que parte de la pregunta \u00bfC\u00f3mo guardamos la memoria? Para participar hay que llevar un objeto que contenga una historia o recuerdo.<\/p>\n<p>Lugar: Centro Cultural Universitario (San Mart\u00edn 1955)<\/p>\n<p>Organiza: Centro Cultural Universitario<\/p>\n<p>Adhieren: Comisi\u00f3n por la Memoria Local y Centro de Estudiantes de la FACSO.<\/p>\n<p>-Actividades \u00e1ulicas Haciendo MEMORIA sobre el Juicio del ex Centro Clandestino de Detenci\u00f3n Monte Pelloni y que abordan el presente Juicio por los delitos de Lesa Humanidad en la Subzona 12.<\/p>\n<p>Organiza: Escuela Nacional Adolfo P\u00e9rez Esquivel.<\/p>\n<p>&nbsp;<\/p>\n<p><strong>Martes 22 de marzo<\/strong><\/p>\n<p>-9 horas: Obra \u201cLa Memoria de las Cosas \u00bfC\u00f3mo guardamos la memoria?\u201d.<\/p>\n<p>Se trata de una obra participativa del artista visual Juan Tellez, que consiste en una obra participativa que parte de la pregunta \u00bfC\u00f3mo guardamos la memoria? Para participar hay que llevar un objeto que contenga una historia o recuerdo.<\/p>\n<p>Lugar: Centro Cultural Universitario (San Mart\u00edn 1955)<\/p>\n<p>Organiza: Centro Cultural Universitario<\/p>\n<p>Adhieren: Comisi\u00f3n por la Memoria Local y Centro de Estudiantes de la FACSO.<\/p>\n<p>-Actividades \u00e1ulicas Haciendo MEMORIA sobre el Juicio del ex Centro Clandestino de Detenci\u00f3n Monte Pelloni y que abordan el presente Juicio por los delitos de Lesa Humanidad en la Subzona 12.<\/p>\n<p>Organiza: Escuela Nacional Adolfo P\u00e9rez Esquivel.<\/p>\n<p>-10 a 12 hs. Inauguraci\u00f3n de mural de la memoria y descubrimiento de placa conmemorativa en patio interno del Hospital Provincial de Oncolog\u00eda.<\/p>\n<p>&#8211; Lectura de la Disposici\u00f3n que crea el \u00e1rea de DDHH en el marco del Convenio entre Ministerio de Justicia y DDHH y el Ministerio de Salud PBA.<\/p>\n<p>&#8211; Relanzamiento de la adhesi\u00f3n a la Campa\u00f1a ILID (Iniciativa Latinoamericana para la Identificaci\u00f3n de personas desaparecidas) de la que participa el Equipo Argentino de Antropolog\u00eda Forense, y en la que el Hospital es centro de toma de muestras de sangre a familiares de v\u00edctimas de desaparici\u00f3n forzada entre 1974 y 1983.<\/p>\n<p>\u2013 Cierre musical a cargo de Sandra Ar\u00e9valo en voz y Pablo Oyarz\u00fa en guitarra.<\/p>\n<p>Lugar: Hospital Provincial de Oncolog\u00eda \u201cLuciano Fortabat\u201d \u2013 Rivadavia 4135<\/p>\n<p>Organiza: \u00c1rea de Derechos Humanos del Hospital Provincial de Oncolog\u00eda de Olavarr\u00eda.<\/p>\n<p>-19hs. Charlas junto a Pablo Torres Intendente de Laprida y Trabajador Social sobre su libro &#8220;El mar vac\u00edo&#8221;<\/p>\n<p>\u201cEl mar vac\u00edo, escrito en formato de cr\u00f3nica period\u00edstica, mezcla ficci\u00f3n y realidad para analizar un tema de gran originalidad, no abordado ni en investigaciones sociol\u00f3gicas ni en la ficci\u00f3n, que surgir\u00e1 en los pr\u00f3ximos a\u00f1os en la realidad argentina: los hijos de los nietos recuperados, los \u2018bisnietos\u2019. Transcurre en Argentina, en un futuro a\u00f1o 2030, donde a\u00fan no se recuper\u00f3 la verdadera identidad de la totalidad de hijos de desaparecidos apropiados. Ciriaco, probablemente un hijo de aquellos, duda sobre la identidad de su padre y, por ende, sobre la suya. Esas dudas lo llevan a una b\u00fasqueda que es a la vez exterior e interior. As\u00ed se plantea un dilema entre el nieto que prefiere continuar su vida tal como est\u00e1 y el bisnieto que desea conocer la verdadera identidad familiar. La existencia de los ni\u00f1os apropiados, que ya son adultos y tienen su propia descendencia sin conocer sus or\u00edgenes biol\u00f3gicos, es el tema de esta cr\u00f3nica. Una situaci\u00f3n que, a medida que pasan las generaciones, hace m\u00e1s compleja la b\u00fasqueda para acceder a la verdad. El mar vac\u00edo es el primer libro que enfoca esta problem\u00e1tica que se presentar\u00e1 en los pr\u00f3ximos tiempos de nuestro pa\u00eds\u201d. Pablo Torres es trabajador social y autor de la investigaci\u00f3n sociol\u00f3gica \u201cVotos, chapas y fideos: clientelismo pol\u00edtico y ayuda social\u201d (Editorial De la campana, 2001) y del ensayo \u201cDe pol\u00edticos, punteros y clientes\u201d (Espacio Editorial, 2007). Tambi\u00e9n public\u00f3 art\u00edculos sobre clientelismo pol\u00edtico y pol\u00edticas sociales en diversas publicaciones, adem\u00e1s de escribir en su blog Hel-echo Maldito\u00b7&#8221;(www.bloghelechomaldito.blogspot.com).<\/p>\n<p>Lugar: Ateneo N\u00e9stor Kirchner. Pringles 3968.<\/p>\n<p>Organiza: Lealtad Corriente Militante Olavarr\u00eda<\/p>\n<p>-Muestra \u201cIm\u00e1genes robadas, im\u00e1genes recuperadas\u201d del Museo de Arte y Memoria de la Comisi\u00f3n Provincial de la Memoria.<\/p>\n<p>La muestra se compone de una selecci\u00f3n de fotograf\u00edas del Archivo de la Direcci\u00f3n de Inteligencia de la Polic\u00eda Bonaerense, que ilustran centenares de legajos. Fotos tomadas por los agentes de la DIPPBA, quienes marcaron, persiguieron y sentenciaron a militantes pol\u00edticos, sociales y gremiales. Fotos que se\u00f1alan a las v\u00edctimas, poniendo en foco los rostros, cuerpos, andares y pertenencias de miles de hombres y mujeres espiados y acechados durante m\u00e1s de medio siglo.<\/p>\n<p>La muestra estar\u00e1 abierta al p\u00fablico en general.<\/p>\n<p>Lugar: Edificio de Aulas Comunes, Complejo Universitario (Av. Del Valle 5737)<\/p>\n<p>Organizan: Facultad de Ingenier\u00eda, Facultad de Ciencias Sociales, Facultad de Ciencias de la Salud, Escuela Nacional Adolfo P\u00e9rez Esquivel y Jard\u00edn Maternal Upa La L\u00e1 de la UNICEN.<\/p>\n<p>&nbsp;<\/p>\n<p><strong>Mi\u00e9rcoles 23 de marzo<\/strong><\/p>\n<p>-Durante la ma\u00f1ana: Obra \u201cLa Memoria de las Cosas \u00bfC\u00f3mo guardamos la memoria?\u201d, a cargo del artista visual Juan Tellez.<\/p>\n<p>Se trata de una obra participativa del artista visual Juan Tellez, que consiste en una obra participativa que parte de la pregunta \u00bfC\u00f3mo guardamos la memoria? Para participar hay que llevar un objeto que contenga una historia o recuerdo.<\/p>\n<p>Lugar: Espacio de Memoria Monte Pelloni.<\/p>\n<p>Organiza: Centro Cultural Universitario<\/p>\n<p>Adhieren: Comisi\u00f3n por la Memoria Local y Centro de Estudiantes de la FACSO.<\/p>\n<p>-A la ma\u00f1ana: Visita al Espacio de Memoria y ex Centro Clandestino de Detenci\u00f3n Monte Pelloni.<\/p>\n<p>Estudiantes de la Facultad de Ciencias Sociales visitar\u00e1n el Espacio de Memoria y ex Centro Clandestino de Detenci\u00f3n Monte Pelloni. La propuesta busca que recorran el lugar donde se cometieron cr\u00edmenes de lesa humanidad durante la \u00faltima dictadura c\u00edvico militar ocurrida en nuestro pa\u00eds y reflexionen sobre lo ocurrido. La misma est\u00e1 institucionalizada por el Consejo Acad\u00e9mico de la FACSO.<\/p>\n<p>Lugar: Espacio de la Memoria Monte Pelloni.<\/p>\n<p>Organiza: Centro de Estudiantes de la FACSO en articulaci\u00f3n con la Comisi\u00f3n de la Memoria Local.<\/p>\n<p>-9 hs. Elena Couzo: la historia detr\u00e1s del dolor.<\/p>\n<p>Charla homenaje a quien fuera portera de la Escuela Secundaria N\u00ba 4 de la localidad de Hinojo dirigida a estudiantes del nivel secundario. Elena Couzo fue integrante de Madres de Plaza de Mayo L\u00ednea Fundadora en La Plata. Su hijo, Juan Carlos, fue secuestrado el 25 de enero de 1977.<\/p>\n<p>Lugar: Secundaria N\u00ba 4 de Hinojo.<\/p>\n<p>Organizan: Asociaci\u00f3n civil Guardianas de historias y Escuela Secundaria N\u00ba 4 de Hinojo.<\/p>\n<p>-Actividades \u00e1ulicas Haciendo MEMORIA sobre el Juicio del ex Centro Clandestino de Detenci\u00f3n Monte Pelloni y que abordan el presente Juicio por los delitos de Lesa Humanidad en la Subzona 12.<\/p>\n<p>Organiza: Escuela Nacional Adolfo P\u00e9rez Esquivel<\/p>\n<p>&#8211; Pa\u00f1uelos por la Memoria, Verdad y Justicia<\/p>\n<p>Se descubrir\u00e1n placas conmemorativas bajo la consigna 30 MIL PA\u00d1UELOS POR LA MEMORIA. Los pa\u00f1uelos blancos, realizados con t\u00e9cnicas de mosaiquismo, fueron producidos como parte de un proyecto desde los espacios curriculares de Historia y Artes visuales de segundo a\u00f1o de la Escuela Nacional Adolfo P\u00e9rez Esquivel UNICEN, siendo los y las estudiantes hacedores, transformadores y multiplicadores de discursos est\u00e9ticos cargados de sentido.<\/p>\n<p>Lugar: Aulas Universitarias en c\u00e1rceles del Servicio Penitenciario Bonaerense (UP N\u00ba 2, N\u00ba 27 y N\u00ba 38 de Sierra Chica y N\u00ba 7 y N\u00ba 52 de Azul).<\/p>\n<p>Organizan: Programa Universidad en la C\u00e1rcel, Secretar\u00eda de Extensi\u00f3n UNICEN, Centro Cultural Itinerante el Musguito, Facultad de Ciencias Sociales, Facultad de Derecho y Facultad de Arte.<\/p>\n<p>&nbsp;<\/p>\n<p><img data-recalc-dims=\"1\" loading=\"lazy\" decoding=\"async\" class=\"aligncenter size-full wp-image-17015\" src=\"https:\/\/i0.wp.com\/cdnoticias.com\/wp-content\/uploads\/2021\/03\/HCD-Monte-Peloni-11.jpeg?resize=800%2C600&#038;ssl=1\" alt=\"\" width=\"800\" height=\"600\" srcset=\"https:\/\/i0.wp.com\/cdnoticias.com\/wp-content\/uploads\/2021\/03\/HCD-Monte-Peloni-11.jpeg?w=1152&amp;ssl=1 1152w, https:\/\/i0.wp.com\/cdnoticias.com\/wp-content\/uploads\/2021\/03\/HCD-Monte-Peloni-11.jpeg?resize=300%2C225&amp;ssl=1 300w, https:\/\/i0.wp.com\/cdnoticias.com\/wp-content\/uploads\/2021\/03\/HCD-Monte-Peloni-11.jpeg?resize=768%2C576&amp;ssl=1 768w, https:\/\/i0.wp.com\/cdnoticias.com\/wp-content\/uploads\/2021\/03\/HCD-Monte-Peloni-11.jpeg?resize=1024%2C768&amp;ssl=1 1024w\" sizes=\"auto, (max-width: 800px) 100vw, 800px\" \/><\/p>\n<p>&nbsp;<\/p>\n<p><strong>Jueves 24 de marzo<\/strong><\/p>\n<p>-09 hs. Sesi\u00f3n Especial del Honorable Concejo Deliberante de Olavarr\u00eda.<\/p>\n<p>El cuerpo de concejales debatir\u00e1 temas alusivos al D\u00eda de la Memoria, por la Verdad y la Justicia, con la presencia de funcionarios, militantes e integrantes de agrupaciones de Derechos Humanos y v\u00edctimas del terrorismo de Estado que fueron secuestrados en el ex CCD Monte Pelloni.<\/p>\n<p>Lugar: Espacio de Memoria Monte Pelloni.<\/p>\n<p>Organiza: Honorable Concejo Deliberante de Olavarr\u00eda.<\/p>\n<p>-11 hs. 3er. Cross Country \u201cD\u00eda de la Memoria\u201d.<\/p>\n<p>La prueba atl\u00e9tica pedestre se realiza en un circuito de 10 kil\u00f3metros con importantes premios en efectivo a los primeros clasificados y 3 kil\u00f3metros con car\u00e1cter participativo. El Cross Country D\u00eda de la Memoria fue instalado en el calendario atl\u00e9tico de la ciudad y convoca la participaci\u00f3n de atletas de distintos lugares de la Provincia de Buenos Aires, principalmente.<\/p>\n<p>Lugar: Desde instalaciones del Complejo Sindical Recreativo de la entidad gremial y por caminos adyacentes al mismo, ubicado en Avda. de los Trabajadores y Fray Romeo Musaragno.<\/p>\n<p>Organiza: Sindicato de Trabajadores Municipales de Olavarr\u00eda.<\/p>\n<p>-A partir de las 15:30 horas. Actividad en el Parque de la Memoria.<\/p>\n<p>Actividad cultural con la participaci\u00f3n de cuerda de candombe Laten Las Lonjas, Pez Ricaud, Adriana Saravia, Murga Arrebatando L\u00e1grimas.<\/p>\n<p>Lugar: Parque de la Memoria. Col\u00f3n y Brown.<\/p>\n<p>Organiza: Comisi\u00f3n por la Memoria de Olavarr\u00eda<\/p>\n<p>&nbsp;<\/p>\n<p><strong>Viernes 25 de marzo<\/strong><\/p>\n<p>-A partir de las 10 horas: Jornada de cierre y puesta en com\u00fan \u201cSeamos MEMORIA en la CALLE\u201d.<\/p>\n<p>Actividad al aire libre con m\u00fasica, invitados\/as y actividades art\u00edsticas.<\/p>\n<p>Organiza: Escuela Nacional Adolfo P\u00e9rez Esquivel.<\/p>\n<p>&nbsp;<\/p>\n<p><strong>Lunes 28 de marzo<\/strong><\/p>\n<p>-18 horas: Obra de teatro \u201cMalas palabras\u201d<\/p>\n<p>Sinopsis: Flor necesita una foto de cuando era beb\u00e9- beb\u00e9\u2026 pero en su casa no hay ninguna. A partir de ah\u00ed, ella, su amigo Pelos y sus pap\u00e1s nos van a contar su historia. Porque tienen algo muy importante que decir. Abordado desde el Teatro de Objetos, Malas Palabras habla sobre la familia, la amistad, la identidad y la ni\u00f1ez de forma tierna y divertida.<\/p>\n<p>Direcci\u00f3n de Marianela Vallazza y Gast\u00f3n Dubini; actuaci\u00f3n de Clara Giorgetti; y asistencia de Catalina Land\u00edvar.<\/p>\n<p>Es abierta al p\u00fablico en general y gratuita.<\/p>\n<p>Lugar: Complejo Universitario (Av. Del Valle 5737).<\/p>\n<p>Organizan: Facultad de Ciencias Sociales, Facultad de Ingenier\u00eda, Facultad de Ciencias de la Salud, Escuela Nacional Adolfo P\u00e9rez Esquivel, Jard\u00edn Maternal Upa La L\u00e1.<\/p>\n<p>Auspician: \u00c1rea de Cultura UNICEN y ATUNCPBA.<\/p>\n<p>*Actividades que se desarrollaran en el transcurso de la Semana de la Memoria<\/p>\n<p>-Cobertura del Juicio por Delitos de Lesa Humanidad en el circuito represivo Sub Zona 12 (Azul-Tandil): los medios de comunicaci\u00f3n de la FACSO y la UNICEN realizan la cobertura de las audiencias del juicio oral y p\u00fablico que se desarrolla en Mar del Plata, por los delitos de lesa humanidad cometidos en Tandil y Azul en la \u00faltima dictadura c\u00edvico militar contra m\u00e1s de 100 v\u00edctimas de Olavarr\u00eda, Azul y Tandil, entre otras ciudades.<\/p>\n<p>La cobertura es realizada a trav\u00e9s de Agencia Comunica y Radio Universidad FM 90.1 de la FACSO y la Productora Abra TV UNICEN.<\/p>\n<p>-Participaci\u00f3n de docentes y estudiantes sede Olavarr\u00eda UNICEN en la Capacitaci\u00f3n sobre herramientas Wikimedia para proyectos educativos sobre derechos humanos. En el caso de la Escuela Nacional Adolfo P\u00e9rez Esquivel, lo har\u00e1 a fin de acompa\u00f1ar los proyectos del Programa J\u00f3venes y Memoria dependiente de la Comisi\u00f3n Provincial de la Memoria.<\/p>\n<p>Organiza: Facultad de Ciencias Exactas UNICEN.<\/p>\n<p>-XXI Convocatoria \u201cSembremos Memoria. Conquistemos Derechos\u201d de la Comisi\u00f3n Provincial de la Memoria: la Escuela Nacional Adolfo P\u00e9rez Esquivel participa de la difusi\u00f3n y realiza las inscripciones. Este programa, convoca a las nuevas generaciones a ejercer su ciudadan\u00eda activando la memoria de su historia, elaborando identidades, registrando y denunciando las injusticias, demandando por ellas y asumi\u00e9ndose como sujetos activos en el marco del proceso hist\u00f3rico que los constituye. En \u00e9l, los\/as j\u00f3venes pueden desarrollar esta mirada para investigar, visibilizar, denunciar, proponer, comunicar y difundir esas injusticias presentes y pasadas que han agraviado a su comunidad, como as\u00ed tambi\u00e9n esas experiencias de organizaci\u00f3n y lucha que las han enfrentado y las enfrentan en el territorio donde viven.<\/p>\n<p>&nbsp;<\/p>\n<p><strong>Convocan y adhieren:<\/strong> Comisi\u00f3n por la Memoria de Olavarr\u00eda, Mutual por la Memoria de Olavarr\u00eda, Suteba Olavarr\u00eda, APDH, Movimiento Mayo Olavarr\u00eda, CTA de les Trabajadores regional Olavarr\u00eda, Mutual \u201cCarlos Alberto Moreno\u201d, Centro de Formaci\u00f3n Laboral 403, La C\u00e1mpora Olavarr\u00eda, Lealtad Corriente Militante Olavarr\u00eda, Movimiento Evita, Proyecto Peronista, La Corriente Nacional de la Militancia, Foro Olavarr\u00eda, Frente Renovador, Movimiento Popular Nuestram\u00e9rica Olavarr\u00eda, Casa Popular de la Mujer, Red Puentes, Frente Grande, La Yumba, Partido Justicialista, Juventud Peronista, Frente de Todos Olavarr\u00eda, Pastoral Social Evang\u00e9lica, Delegaci\u00f3n Olavarr\u00eda Subsecretar\u00eda de Derechos Humanos de la Provincia de Buenos Aires, \u00c1rea de Derechos Humanos del Hospital Provincial de Oncolog\u00eda de Olavarr\u00eda, Chamula Tierra de las Artes, Macondo Mutual de Arte Popular, Murga Arrebatando L\u00e1grimas, Asociaci\u00f3n civil Guardianas de Historias, Escuela Secundaria N\u00ba 4 de Hinojo, Sindicato de Trabajadores Municipales de Olavarr\u00eda, Centro de Estudiantes FACSO, Facultad de Ciencias Sociales, Facultad de Ingenier\u00eda, Facultad de Ciencias de la Salud, Escuela Nacional Adolfo P\u00e9rez Esquivel, Jard\u00edn Maternal Upa La L\u00e1, Facultad de Ciencias Exactas UNICEN, Programa Universidad en la C\u00e1rcel UNICEN, Secretar\u00eda de Extensi\u00f3n UNICEN, Centro Cultural Itinerante el Musguito, Facultad de Derecho UNICEN, Facultad de Arte UNICEN, Agencia Comunica y Radio Universidad FM 90.1 de la FACSO, Productora Abra TV UNICEN, Universidad Nacional del Centro de la Provincia de Buenos Aires (UNICEN)<\/p>\n","protected":false},"excerpt":{"rendered":"<p>Entre las acciones previstas habr\u00e1 encuentros, muestras, charlas, obras e intervenciones. Adem\u00e1s, el 24 de marzo el Honorable Concejo Deliberante<\/p>\n","protected":false},"author":5,"featured_media":2110,"comment_status":"closed","ping_status":"closed","sticky":false,"template":"","format":"standard","meta":{"_jetpack_memberships_contains_paid_content":false,"footnotes":""},"categories":[5,1],"tags":[],"class_list":["post-49503","post","type-post","status-publish","format-standard","has-post-thumbnail","hentry","category-informacion-general","category-portada"],"jetpack_featured_media_url":"https:\/\/i0.wp.com\/cdnoticias.com\/wp-content\/uploads\/2020\/09\/WhatsApp-Image-2020-09-21-at-15.28.02-e1600722640755.jpeg?fit=1037%2C618&ssl=1","jetpack_sharing_enabled":true,"_links":{"self":[{"href":"https:\/\/cdnoticias.com\/index.php\/wp-json\/wp\/v2\/posts\/49503","targetHints":{"allow":["GET"]}}],"collection":[{"href":"https:\/\/cdnoticias.com\/index.php\/wp-json\/wp\/v2\/posts"}],"about":[{"href":"https:\/\/cdnoticias.com\/index.php\/wp-json\/wp\/v2\/types\/post"}],"author":[{"embeddable":true,"href":"https:\/\/cdnoticias.com\/index.php\/wp-json\/wp\/v2\/users\/5"}],"replies":[{"embeddable":true,"href":"https:\/\/cdnoticias.com\/index.php\/wp-json\/wp\/v2\/comments?post=49503"}],"version-history":[{"count":0,"href":"https:\/\/cdnoticias.com\/index.php\/wp-json\/wp\/v2\/posts\/49503\/revisions"}],"wp:featuredmedia":[{"embeddable":true,"href":"https:\/\/cdnoticias.com\/index.php\/wp-json\/wp\/v2\/media\/2110"}],"wp:attachment":[{"href":"https:\/\/cdnoticias.com\/index.php\/wp-json\/wp\/v2\/media?parent=49503"}],"wp:term":[{"taxonomy":"category","embeddable":true,"href":"https:\/\/cdnoticias.com\/index.php\/wp-json\/wp\/v2\/categories?post=49503"},{"taxonomy":"post_tag","embeddable":true,"href":"https:\/\/cdnoticias.com\/index.php\/wp-json\/wp\/v2\/tags?post=49503"}],"curies":[{"name":"wp","href":"https:\/\/api.w.org\/{rel}","templated":true}]}}