{"id":49495,"date":"2022-03-19T21:41:33","date_gmt":"2022-03-20T00:41:33","guid":{"rendered":"https:\/\/www.centraldenoticias.com.ar\/?p=49495"},"modified":"2022-03-19T21:41:33","modified_gmt":"2022-03-20T00:41:33","slug":"es-notorio-y-preocupante-el-deterioro-de-la-calidad-de-prestacion-de-ioma","status":"publish","type":"post","link":"https:\/\/cdnoticias.com\/index.php\/2022\/03\/19\/es-notorio-y-preocupante-el-deterioro-de-la-calidad-de-prestacion-de-ioma\/","title":{"rendered":"\u201cEs notorio y preocupante el deterioro de la calidad de prestaci\u00f3n de IOMA\u201d"},"content":{"rendered":"<p>As\u00ed lo destacaron desde Ahora Olavarr\u00eda, que pedir\u00e1 informes a la obra social para \u201cvisibilizar la problem\u00e1tica\u201d. <!--more--><\/p>\n<hr \/>\n<p>Tras denunciar <strong><em>\u201cel deterioro de la calidad de prestaci\u00f3n\u201d<\/em> de la obra social IOMA<\/strong>, la concejal Celeste Arouxet llevar\u00e1 la preocupaci\u00f3n al HCD y pedir\u00e1 informaci\u00f3n al organismo para <em>\u201cvisibilizar la problem\u00e1tica y que se tomen medidas concretas para revertir la situaci\u00f3n\u201d.<\/em><\/p>\n<p>&nbsp;<\/p>\n<p>Se\u00f1alaron que, tras tomar cuenta de esta situaci\u00f3n, <strong><em>\u201cno vemos el compromiso ni la decisi\u00f3n firme de revertir la situaci\u00f3n, y con el correr del tiempo se torna m\u00e1s desesperante\u201d.<\/em><\/strong><\/p>\n<p>&nbsp;<\/p>\n<p><em>\u201cLuego del comunicado que se dio a conocer desde el C\u00edrculo M\u00e9dico de Olavarr\u00eda donde se anunci\u00f3 la baja por demoras en los pagos de m\u00e1s de 50 prestaciones de la Obra Social IOMA, puso en vilo a los afiliados que la padecen diariamente, motivo que llev\u00f3 al espacio Ahora Olavarr\u00eda a presentar un pedido de informe en la pr\u00f3xima sesi\u00f3n a llevarse a cabo el pr\u00f3ximo martes 22 de marzo\u201d.<\/em><\/p>\n<p>&nbsp;<\/p>\n<p>En este sentido, Arouxet denunci\u00f3<em> \u201cla burocracia, la falta de respuesta y el silencio ante el reclamo de los afiliados por cobros indebidos a la hora de hacer uso de la obra social, son los principales reclamos que nos llegan\u201d.<\/em><\/p>\n<p>&nbsp;<\/p>\n<p>El objetivo es <em>\u201cllevar la problem\u00e1tica al HCD, <strong>visibilizarla y solicitar a las autoridades de IOMA informaci\u00f3n sobre lo acontecido en los \u00faltimos d\u00edas<\/strong>, buscan informaci\u00f3n veros\u00edmil para fortalecer el diagn\u00f3stico, cuantificar su gravedad y cuenten cu\u00e1les son las acciones que llevan adelante para revertir esta situaci\u00f3n\u201d.<\/em><\/p>\n<p>&nbsp;<\/p>\n<p>Tambi\u00e9n opinaron la<strong> \u201cimportancia\u201d de las auditorias de control del servicio, de los agentes prestadores y m\u00e9dicos<\/strong>, ya que<em> \u201ces habitual el cobro indebido de adicionales que termina pagando el afiliado, convirti\u00e9ndose en reh\u00e9n entre un organismo ineficiente y m\u00e9dicos\u2013prestadores que trasladan su problem\u00e1tica con la instituci\u00f3n, al afiliado\u201d.<\/em><\/p>\n<p>&nbsp;<\/p>\n<p>Tambi\u00e9n les resulta inapropiado <em>\u201cdelegar arbitrariamente en el afiliado el poder de polic\u00eda y deslindar responsabilidad de control, cuando es la propia Obra Social qui\u00e9n cuenta con Auditores y mecanismos necesarios para cumplir con dicha responsabilidad\u201d.<\/em><\/p>\n<p>&nbsp;<\/p>\n<p>En las denuncias, adem\u00e1s, reconocieron que<strong> existen mecanismos de denuncia y reintegro del cobro indebido<\/strong><em> \u201c<strong>pero se solicita que el afiliado presente el comprobante de pago, lo cual es irrisorio pensar que el profesional que incumple un convenio de antemano entregue como prueba de ello<\/strong>, una factura para que el afiliado presente ante la Obra Social y denuncie al profesional y\/o instituci\u00f3n que lleva adelante esta pr\u00e1ctica\u201d.<\/em><\/p>\n<p>&nbsp;<\/p>\n<blockquote><p><em>\u201cAnte la negativa del profesional de entregar comprobante alguno, deja expuesto al afiliado a retirarse sin la prestaci\u00f3n del servicio o abonar el adicional quedando reh\u00e9n del propio sistema que consiente la Obra Social y dando por perdido el cobro indebido, ya que muchas veces no hay alternativa para elegir otro prestador\u201d<\/em> agregaron.<\/p><\/blockquote>\n<p>.<\/p>\n<p>Desde Ahora Olavarr\u00eda, espacio que encabezan Celeste Arouxet y Guillermo Lascano, se\u00f1alan que <strong><em>\u201ctodos estos temas nos preocupan porque se trata de una Obra Social que cuenta con millones de afiliados, y para nosotros la salud es prioridad y deber\u00eda estar en agenda de todos los concejales y funcionarios provinciales\u201d.<\/em><\/strong><\/p>\n","protected":false},"excerpt":{"rendered":"<p>As\u00ed lo destacaron desde Ahora Olavarr\u00eda, que pedir\u00e1 informes a la obra social para \u201cvisibilizar la problem\u00e1tica\u201d.<\/p>\n","protected":false},"author":5,"featured_media":48124,"comment_status":"closed","ping_status":"closed","sticky":false,"template":"","format":"standard","meta":{"_jetpack_memberships_contains_paid_content":false,"footnotes":""},"categories":[4,1],"tags":[],"class_list":["post-49495","post","type-post","status-publish","format-standard","has-post-thumbnail","hentry","category-politica","category-portada"],"jetpack_featured_media_url":"https:\/\/i0.wp.com\/cdnoticias.com\/wp-content\/uploads\/2022\/03\/celeste-arouxet.jpg?fit=800%2C445&ssl=1","jetpack_sharing_enabled":true,"_links":{"self":[{"href":"https:\/\/cdnoticias.com\/index.php\/wp-json\/wp\/v2\/posts\/49495","targetHints":{"allow":["GET"]}}],"collection":[{"href":"https:\/\/cdnoticias.com\/index.php\/wp-json\/wp\/v2\/posts"}],"about":[{"href":"https:\/\/cdnoticias.com\/index.php\/wp-json\/wp\/v2\/types\/post"}],"author":[{"embeddable":true,"href":"https:\/\/cdnoticias.com\/index.php\/wp-json\/wp\/v2\/users\/5"}],"replies":[{"embeddable":true,"href":"https:\/\/cdnoticias.com\/index.php\/wp-json\/wp\/v2\/comments?post=49495"}],"version-history":[{"count":0,"href":"https:\/\/cdnoticias.com\/index.php\/wp-json\/wp\/v2\/posts\/49495\/revisions"}],"wp:featuredmedia":[{"embeddable":true,"href":"https:\/\/cdnoticias.com\/index.php\/wp-json\/wp\/v2\/media\/48124"}],"wp:attachment":[{"href":"https:\/\/cdnoticias.com\/index.php\/wp-json\/wp\/v2\/media?parent=49495"}],"wp:term":[{"taxonomy":"category","embeddable":true,"href":"https:\/\/cdnoticias.com\/index.php\/wp-json\/wp\/v2\/categories?post=49495"},{"taxonomy":"post_tag","embeddable":true,"href":"https:\/\/cdnoticias.com\/index.php\/wp-json\/wp\/v2\/tags?post=49495"}],"curies":[{"name":"wp","href":"https:\/\/api.w.org\/{rel}","templated":true}]}}