{"id":49456,"date":"2022-03-19T14:30:55","date_gmt":"2022-03-19T17:30:55","guid":{"rendered":"https:\/\/www.centraldenoticias.com.ar\/?p=49456"},"modified":"2022-03-19T14:30:55","modified_gmt":"2022-03-19T17:30:55","slug":"el-color-de-tu-corazon-celebra-sus-18-anos-con-un-carnaval-barrial","status":"publish","type":"post","link":"https:\/\/cdnoticias.com\/index.php\/2022\/03\/19\/el-color-de-tu-corazon-celebra-sus-18-anos-con-un-carnaval-barrial\/","title":{"rendered":"El color de tu coraz\u00f3n celebra sus 18 a\u00f1os con un carnaval barrial"},"content":{"rendered":"<p>Ser\u00e1 este s\u00e1bado a las 20:30 en Ayacucho y Cort\u00e9s. Habr\u00e1 puestos de comida, feria, m\u00fasica y baile.<!--more--><\/p>\n<hr \/>\n<p>La batucada El color de tu coraz\u00f3n celebrar\u00e1 este s\u00e1bado sus 18 a\u00f1os de trayectoria. Ser\u00e1 con un carnaval barrial, <strong>desde las 20:30 en Ayacucho y Cort\u00e9s.<\/strong><\/p>\n<p>&nbsp;<\/p>\n<p>Seg\u00fan indicaron desde la agrupaci\u00f3n,<strong> habr\u00e1 servicio de cantina, venta de espuma, m\u00fasica y baile.<\/strong><\/p>\n<p>&nbsp;<\/p>\n<p>Participar\u00e1n del evento <strong>Bah\u00eda Ba, Insaciables, Amizade Samba y cerrar\u00e1 la noche la banda de cumbia Diego y su estilo.<\/strong><\/p>\n","protected":false},"excerpt":{"rendered":"<p>Ser\u00e1 este s\u00e1bado a las 20:30 en Ayacucho y Cort\u00e9s. Habr\u00e1 puestos de comida, feria, m\u00fasica y baile.<\/p>\n","protected":false},"author":5,"featured_media":0,"comment_status":"closed","ping_status":"closed","sticky":false,"template":"","format":"standard","meta":{"_jetpack_memberships_contains_paid_content":false,"footnotes":""},"categories":[9,1],"tags":[],"class_list":["post-49456","post","type-post","status-publish","format-standard","hentry","category-cultura","category-portada"],"jetpack_featured_media_url":"","jetpack_sharing_enabled":true,"_links":{"self":[{"href":"https:\/\/cdnoticias.com\/index.php\/wp-json\/wp\/v2\/posts\/49456","targetHints":{"allow":["GET"]}}],"collection":[{"href":"https:\/\/cdnoticias.com\/index.php\/wp-json\/wp\/v2\/posts"}],"about":[{"href":"https:\/\/cdnoticias.com\/index.php\/wp-json\/wp\/v2\/types\/post"}],"author":[{"embeddable":true,"href":"https:\/\/cdnoticias.com\/index.php\/wp-json\/wp\/v2\/users\/5"}],"replies":[{"embeddable":true,"href":"https:\/\/cdnoticias.com\/index.php\/wp-json\/wp\/v2\/comments?post=49456"}],"version-history":[{"count":0,"href":"https:\/\/cdnoticias.com\/index.php\/wp-json\/wp\/v2\/posts\/49456\/revisions"}],"wp:attachment":[{"href":"https:\/\/cdnoticias.com\/index.php\/wp-json\/wp\/v2\/media?parent=49456"}],"wp:term":[{"taxonomy":"category","embeddable":true,"href":"https:\/\/cdnoticias.com\/index.php\/wp-json\/wp\/v2\/categories?post=49456"},{"taxonomy":"post_tag","embeddable":true,"href":"https:\/\/cdnoticias.com\/index.php\/wp-json\/wp\/v2\/tags?post=49456"}],"curies":[{"name":"wp","href":"https:\/\/api.w.org\/{rel}","templated":true}]}}