{"id":49451,"date":"2022-03-20T17:29:15","date_gmt":"2022-03-20T20:29:15","guid":{"rendered":"https:\/\/www.centraldenoticias.com.ar\/?p=49451"},"modified":"2022-03-20T22:12:18","modified_gmt":"2022-03-21T01:12:18","slug":"laura-tropea-todo-el-mundo-sabe-que-somos-autogestivos","status":"publish","type":"post","link":"https:\/\/cdnoticias.com\/index.php\/2022\/03\/20\/laura-tropea-todo-el-mundo-sabe-que-somos-autogestivos\/","title":{"rendered":"Laura Tropea: &#8220;todo el mundo sabe que somos autogestivos&#8221;"},"content":{"rendered":"<p>As\u00ed lo afirm\u00f3 una de las referentes del espacio cultura autogestivo Chamula luego de la carta citaci\u00f3n que se envi\u00f3 por &#8220;inconvenientes de convivencia&#8221;. <!--more--><\/p>\n<hr \/>\n<p>Este semana se dio a conocer una <strong>carta citaci\u00f3n<\/strong> a trav\u00e9s de la <strong>p\u00e1gina de <\/strong><a href=\"https:\/\/www.instagram.com\/eduardochamula\/?hl=es-la\" target=\"_blank\" rel=\"noopener\">Instagram de Chamula<\/a> en la cual se invit\u00f3 a <strong>referentes del espacio<\/strong> a reunirse en el \u00e1rea de Defensa al Consumidor para llegar a un acuerdo debido a <strong>molestias por el sonido en eventos art\u00edsticos.\u00a0<\/strong><\/p>\n<p>&nbsp;<\/p>\n<p>&#8220;<strong>Trabajar por la cultura independiente tambi\u00e9n es hacer escuchar nuestros derecho<\/strong>s, en todos los eventos musicales controlamos los decibeles, <strong>todos los eventos musicales terminan en un horario acordado<\/strong> y s\u00faper respetuoso para toda la vecindad. Nos han mandado el control urbano a las 23hs en plena obra de teatro, ah\u00ed <strong>entendimos que no es el &#8220;ruido molesto&#8221;, molesta la cultura, le &#8220;hace ruido la cultura&#8221;<\/strong> indicaron en el posteo de Instagram.<\/p>\n<p>&nbsp;<\/p>\n<p><img data-recalc-dims=\"1\" loading=\"lazy\" decoding=\"async\" class=\"aligncenter wp-image-49452 size-full\" src=\"https:\/\/i0.wp.com\/cdnoticias.com\/wp-content\/uploads\/2022\/03\/WhatsApp-Image-2022-03-19-at-12.17.14-PM.jpeg?resize=720%2C889&#038;ssl=1\" alt=\"\" width=\"720\" height=\"889\" srcset=\"https:\/\/i0.wp.com\/cdnoticias.com\/wp-content\/uploads\/2022\/03\/WhatsApp-Image-2022-03-19-at-12.17.14-PM.jpeg?w=720&amp;ssl=1 720w, https:\/\/i0.wp.com\/cdnoticias.com\/wp-content\/uploads\/2022\/03\/WhatsApp-Image-2022-03-19-at-12.17.14-PM.jpeg?resize=243%2C300&amp;ssl=1 243w\" sizes=\"auto, (max-width: 720px) 100vw, 720px\" \/><\/p>\n<p>&nbsp;<\/p>\n<p><em>Central de Noticias<\/em> dialog\u00f3 con <strong>Laura Tropea,<\/strong> referente del espacio quien explic\u00f3 que luego de la mediaci\u00f3n &#8220;<strong>llegamos a un primer acuerdo. Nosotros vamos a juntar maples para acustizar la pared<\/strong> en la cual tenemos incovenientes. Luego de un evento que tenemos a mediados de abril, <strong>ellos van a decir si dio resultado o no&#8221;.\u00a0<\/strong><\/p>\n<p>&nbsp;<\/p>\n<p>Adem\u00e1s agreg\u00f3 que &#8220;<strong>hasta ah\u00ed es lo que nosotros podemos hacer. Nos encantar\u00eda poder comprar paneles para acustizar pero son car\u00edsimos, todo el mundo sabe que somos autogestivos, apenas podemos sostener el espacio, <\/strong>ojal\u00e1 de resultado. <strong>Existimos, no estamos haciendo nada terrible.<\/strong> Somos muy respetuosos de los horarios, pero bueno pueden pasar estas situaciones&#8221;.<\/p>\n<p>&nbsp;<\/p>\n<p>Tropea coment\u00f3 que ya sab\u00edan sobre estos inconvenientes de convivencia debido a que<b> les hab\u00edan llegado mensajes, Control Urbano pasaba todos los fines de semana y tambi\u00e9n hab\u00eda algunas opiniones en el Facebook.<\/b><\/p>\n<p>&nbsp;<\/p>\n<p>&#8220;<strong>Estuvo bueno poder hablarlo, poder conocernos. Defendemos nuestros derechos pero escuchamos tambi\u00e9n.\u00a0Practicar la empat\u00eda<\/strong>, que es lo que uno trata siempre en toda convivencia&#8221; explic\u00f3 Laura.<\/p>\n<p>&nbsp;<\/p>\n<p>Por \u00faltimo y en<a href=\"https:\/\/cdnoticias.com\/index.php\/2022\/03\/12\/laura-tropea-y-ola-rosa-ganadoras-de-los-premios-dina-pontoni-y-florentina-gomez-miranda\/\" target=\"_blank\" rel=\"noopener\"> referencia al reconocimiento en los Premios Dina Pontoni<\/a> indic\u00f3 que &#8220;<strong>nos posiciona en otro lugar porque somos trabajadores<\/strong>. <strong>Nos ganamos el pan trabajando de eventos art\u00edsticos. La gente piensa que el artista lo hace como hobby. Es reconocernos como seres de derechos y trabajadores&#8221;.<\/strong><\/p>\n<p>&nbsp;<\/p>\n<p>&nbsp;<\/p>\n","protected":false},"excerpt":{"rendered":"<p>As\u00ed lo afirm\u00f3 una de las referentes del espacio cultura autogestivo Chamula luego de la carta citaci\u00f3n que se envi\u00f3<\/p>\n","protected":false},"author":6,"featured_media":49512,"comment_status":"closed","ping_status":"closed","sticky":false,"template":"","format":"standard","meta":{"_jetpack_memberships_contains_paid_content":false,"footnotes":""},"categories":[9,1],"tags":[],"class_list":["post-49451","post","type-post","status-publish","format-standard","has-post-thumbnail","hentry","category-cultura","category-portada"],"jetpack_featured_media_url":"https:\/\/i0.wp.com\/cdnoticias.com\/wp-content\/uploads\/2022\/03\/275501076_3126105897709363_5376727917601812033_n.jpg?fit=1600%2C1200&ssl=1","jetpack_sharing_enabled":true,"_links":{"self":[{"href":"https:\/\/cdnoticias.com\/index.php\/wp-json\/wp\/v2\/posts\/49451","targetHints":{"allow":["GET"]}}],"collection":[{"href":"https:\/\/cdnoticias.com\/index.php\/wp-json\/wp\/v2\/posts"}],"about":[{"href":"https:\/\/cdnoticias.com\/index.php\/wp-json\/wp\/v2\/types\/post"}],"author":[{"embeddable":true,"href":"https:\/\/cdnoticias.com\/index.php\/wp-json\/wp\/v2\/users\/6"}],"replies":[{"embeddable":true,"href":"https:\/\/cdnoticias.com\/index.php\/wp-json\/wp\/v2\/comments?post=49451"}],"version-history":[{"count":0,"href":"https:\/\/cdnoticias.com\/index.php\/wp-json\/wp\/v2\/posts\/49451\/revisions"}],"wp:featuredmedia":[{"embeddable":true,"href":"https:\/\/cdnoticias.com\/index.php\/wp-json\/wp\/v2\/media\/49512"}],"wp:attachment":[{"href":"https:\/\/cdnoticias.com\/index.php\/wp-json\/wp\/v2\/media?parent=49451"}],"wp:term":[{"taxonomy":"category","embeddable":true,"href":"https:\/\/cdnoticias.com\/index.php\/wp-json\/wp\/v2\/categories?post=49451"},{"taxonomy":"post_tag","embeddable":true,"href":"https:\/\/cdnoticias.com\/index.php\/wp-json\/wp\/v2\/tags?post=49451"}],"curies":[{"name":"wp","href":"https:\/\/api.w.org\/{rel}","templated":true}]}}