{"id":49404,"date":"2022-03-19T14:34:41","date_gmt":"2022-03-19T17:34:41","guid":{"rendered":"https:\/\/www.centraldenoticias.com.ar\/?p=49404"},"modified":"2022-03-19T14:34:41","modified_gmt":"2022-03-19T17:34:41","slug":"eleccion-de-delegados-el-lunes-comienza-la-campana-electoral","status":"publish","type":"post","link":"https:\/\/cdnoticias.com\/index.php\/2022\/03\/19\/eleccion-de-delegados-el-lunes-comienza-la-campana-electoral\/","title":{"rendered":"Elecci\u00f3n de Delegados: el lunes comienza la campa\u00f1a electoral"},"content":{"rendered":"<p>Por el momento son 11 candidatos. La elecci\u00f3n ser\u00e1 el domingo 10 de abril en las siete localidades.<!--more--><\/p>\n<hr \/>\n<p>La subsecretar\u00eda de Gobierno Municipal inform\u00f3 que, tras la reuni\u00f3n de la Junta Electoral, se determin\u00f3 que<strong> de los 18 aspirantes anotados que presentaron la documentaci\u00f3n requerida para ser candidatos a delegado municipal de las distintas localidades, 11 alcanzaron los requisitos particulares y generales<\/strong> que determina el Decreto N\u00ba 67\/22.<\/p>\n<p>&nbsp;<\/p>\n<p>En este sentido, el subsecretario de Gobierno Municipal Emilio Vitale explic\u00f3: \u201cpor el momento son once los candidatos que a partir del lunes pueden iniciar su campa\u00f1a electoral tal cual lo determina el marco normativo. Asimismo, <strong>las candidaturas rechazadas tienen la posibilidad, a trav\u00e9s del art\u00edculo 5, de revisar los motivos de su rechazo<\/strong>\u201d.<\/p>\n<p>&nbsp;<\/p>\n<p>Adem\u00e1s, Vitale dijo que \u201ca partir del d\u00eda lunes iniciamos la log\u00edstica correspondiente para llevar a cabo con normalidad la elecci\u00f3n de delegados del pr\u00f3ximo <strong>domingo 10 de abril en simult\u00e1neo en las siete localidades con nueve centros de votaci\u00f3n<\/strong>\u201d.<\/p>\n<p>&nbsp;<\/p>\n<p><img data-recalc-dims=\"1\" loading=\"lazy\" decoding=\"async\" class=\"aligncenter size-full wp-image-49407\" src=\"https:\/\/i0.wp.com\/cdnoticias.com\/wp-content\/uploads\/2022\/03\/Junta-Electoral-Eleccion-Delegados-1-1.jpg?resize=800%2C533&#038;ssl=1\" alt=\"\" width=\"800\" height=\"533\" srcset=\"https:\/\/i0.wp.com\/cdnoticias.com\/wp-content\/uploads\/2022\/03\/Junta-Electoral-Eleccion-Delegados-1-1.jpg?w=1772&amp;ssl=1 1772w, https:\/\/i0.wp.com\/cdnoticias.com\/wp-content\/uploads\/2022\/03\/Junta-Electoral-Eleccion-Delegados-1-1.jpg?resize=300%2C200&amp;ssl=1 300w, https:\/\/i0.wp.com\/cdnoticias.com\/wp-content\/uploads\/2022\/03\/Junta-Electoral-Eleccion-Delegados-1-1.jpg?resize=1024%2C682&amp;ssl=1 1024w, https:\/\/i0.wp.com\/cdnoticias.com\/wp-content\/uploads\/2022\/03\/Junta-Electoral-Eleccion-Delegados-1-1.jpg?resize=768%2C512&amp;ssl=1 768w, https:\/\/i0.wp.com\/cdnoticias.com\/wp-content\/uploads\/2022\/03\/Junta-Electoral-Eleccion-Delegados-1-1.jpg?resize=1536%2C1024&amp;ssl=1 1536w, https:\/\/i0.wp.com\/cdnoticias.com\/wp-content\/uploads\/2022\/03\/Junta-Electoral-Eleccion-Delegados-1-1.jpg?resize=272%2C182&amp;ssl=1 272w, https:\/\/i0.wp.com\/cdnoticias.com\/wp-content\/uploads\/2022\/03\/Junta-Electoral-Eleccion-Delegados-1-1.jpg?w=1600&amp;ssl=1 1600w\" sizes=\"auto, (max-width: 800px) 100vw, 800px\" \/><\/p>\n<p>&nbsp;<\/p>\n<blockquote><p>Asimismo, el funcionario municipal record\u00f3 que \u201cla campa\u00f1a que se inicia este lunes 21 de marzo puede desarrollarse hasta el 7 de abril inclusive\u201d.<\/p><\/blockquote>\n<p>&nbsp;<\/p>\n<p>Por otra parte, se recuerda que la Junta Electoral est\u00e1 integrada por: el Subsecretario de Gobierno Emilio Vitale, la presidente del HCD Cecilia Krivochen, el presidente del Consejo Escolar Bruno Di Carlo, Norma Sanz del Colegio de Escribanos, el presidente de la Asociaci\u00f3n de Abogados Fabi\u00e1n Barone, el Director de Delegaciones C\u00e9sar Bournot y la Directora de Asuntos Legales Alejandra Malamud.<\/p>\n<p>&nbsp;<\/p>\n","protected":false},"excerpt":{"rendered":"<p>Por el momento son 11 candidatos. La elecci\u00f3n ser\u00e1 el domingo 10 de abril en las siete localidades.<\/p>\n","protected":false},"author":5,"featured_media":49408,"comment_status":"closed","ping_status":"closed","sticky":false,"template":"","format":"standard","meta":{"_jetpack_memberships_contains_paid_content":false,"footnotes":""},"categories":[4,1],"tags":[],"class_list":["post-49404","post","type-post","status-publish","format-standard","has-post-thumbnail","hentry","category-politica","category-portada"],"jetpack_featured_media_url":"https:\/\/i0.wp.com\/cdnoticias.com\/wp-content\/uploads\/2022\/03\/Junta-Electoral-Eleccion-Delegados-2-scaled-1.jpg?fit=2560%2C1711&ssl=1","jetpack_sharing_enabled":true,"_links":{"self":[{"href":"https:\/\/cdnoticias.com\/index.php\/wp-json\/wp\/v2\/posts\/49404","targetHints":{"allow":["GET"]}}],"collection":[{"href":"https:\/\/cdnoticias.com\/index.php\/wp-json\/wp\/v2\/posts"}],"about":[{"href":"https:\/\/cdnoticias.com\/index.php\/wp-json\/wp\/v2\/types\/post"}],"author":[{"embeddable":true,"href":"https:\/\/cdnoticias.com\/index.php\/wp-json\/wp\/v2\/users\/5"}],"replies":[{"embeddable":true,"href":"https:\/\/cdnoticias.com\/index.php\/wp-json\/wp\/v2\/comments?post=49404"}],"version-history":[{"count":0,"href":"https:\/\/cdnoticias.com\/index.php\/wp-json\/wp\/v2\/posts\/49404\/revisions"}],"wp:featuredmedia":[{"embeddable":true,"href":"https:\/\/cdnoticias.com\/index.php\/wp-json\/wp\/v2\/media\/49408"}],"wp:attachment":[{"href":"https:\/\/cdnoticias.com\/index.php\/wp-json\/wp\/v2\/media?parent=49404"}],"wp:term":[{"taxonomy":"category","embeddable":true,"href":"https:\/\/cdnoticias.com\/index.php\/wp-json\/wp\/v2\/categories?post=49404"},{"taxonomy":"post_tag","embeddable":true,"href":"https:\/\/cdnoticias.com\/index.php\/wp-json\/wp\/v2\/tags?post=49404"}],"curies":[{"name":"wp","href":"https:\/\/api.w.org\/{rel}","templated":true}]}}